{"id":18002,"date":"2025-08-06T09:50:00","date_gmt":"2025-08-06T13:50:00","guid":{"rendered":"https:\/\/samantharadionline.com\/?p=18002"},"modified":"2025-08-06T09:50:01","modified_gmt":"2025-08-06T13:50:01","slug":"lluvias-este-miercoles-por-vaguada-con-temperaturas-calurosas","status":"publish","type":"post","link":"https:\/\/samantharadionline.com\/index.php\/2025\/08\/06\/lluvias-este-miercoles-por-vaguada-con-temperaturas-calurosas\/","title":{"rendered":"Lluvias este mi\u00e9rcoles por vaguada con temperaturas calurosas"},"content":{"rendered":"\n<p class=\"has-medium-font-size\"><em>Para el Gran Santo Domingo, la temperatura estar\u00e1 entre 22 \u00b0C y 24 \u00b0C, y la m\u00e1xima entre 33 \u00b0C y 35 \u00b0C.<\/em><\/p>\n\n\n\n<p><strong>Santo Domingo, RD<\/strong><\/p>\n\n\n\n<p>El&nbsp;<strong>Instituto Dominicano de Meteorolog\u00eda<\/strong>&nbsp;(<strong>Indomet<\/strong>) inform\u00f3 que por la incidencia del viento del este\/noreste y una&nbsp;<strong>vaguada<\/strong>, ocurrir\u00e1n chubascos dispersos hacia Hato Mayor, El Seibo, Saman\u00e1, Mar\u00eda Trinidad S\u00e1nchez y La Altagracia, esper\u00e1ndose que durante las pr\u00f3ximas horas se sumen Monte Plata, S\u00e1nchez Ram\u00edrez y La Romana.<\/p>\n\n\n\n<p>En la tarde, se prev\u00e9 que se extiendan como aguaceros localmente moderados con tormentas el\u00e9ctricas y r\u00e1fagas de viento hacia San Pedro de Macor\u00eds, Santo Domingo, San Crist\u00f3bal, Monse\u00f1or Nouel, La Vega, Santiago, El\u00edas Pi\u00f1a, San Juan y Dajab\u00f3n, y que cesen gradualmente al anochecer.<\/p>\n\n\n\n<p>Por otra parte, la entidad dijo que se espera que contin\u00fae arribando al pa\u00eds polvo sahariano en baja concentraci\u00f3n durante los pr\u00f3ximos d\u00edas.<\/p>\n\n\n\n<h3 class=\"wp-block-heading\">Temperaturas<\/h3>\n\n\n\n<p>Indomet agreg\u00f3 que las temperaturas seguir\u00e1n calurosas, por lo que recomend\u00f3 a la poblaci\u00f3n en general ingerir suficientes l\u00edquidos, vestir ropa ligera de colores claros, buscar lugares ventilados y tener muy presente que los ni\u00f1os y envejecientes son m\u00e1s susceptibles a la sensaci\u00f3n t\u00e9rmica elevada.<\/p>\n\n\n\n<p>Para el Gran Santo Domingo, la temperatura estar\u00e1 entre 22 \u00b0C y 24 \u00b0C, y la m\u00e1xima entre 33 \u00b0C y 35 \u00b0C.<\/p>\n\n\n\n<h3 class=\"wp-block-heading\">Tormenta<\/h3>\n\n\n\n<p>La entidad dijo que la tormenta tropical Dexter, localizada a unos 655 kil\u00f3metros al sur\/sureste de Halifax, Nueva Escocia, presenta vientos m\u00e1ximos sostenidos de 75 km\/h y se desplaza hacia el este\/noreste a unos 20 km\/h.<\/p>\n\n\n\n<p>Este sistema, por su posici\u00f3n y trayectoria futura, no representa ning\u00fan peligro para la Rep\u00fablica Dominicana.<\/p>\n\n\n\n<p>En ese mismo orden, Indoemt agreg\u00f3 que le da seguimiento a dos zonas de aguaceros y tormentas el\u00e9ctricas desorganizadas.<\/p>\n\n\n\n<p>La primera, asociada a una vaguada que podr\u00eda ser una baja presi\u00f3n durante los pr\u00f3ximos d\u00edas, localizada a cientos de kil\u00f3metros de las costas sureste de los Estados Unidos de Am\u00e9rica, tiene una probabilidad de formaci\u00f3n cicl\u00f3nica de 10\u202f% para 2 d\u00edas, mientras para 7 d\u00edas un 40\u202f%.<\/p>\n\n\n\n<p>La segunda, vinculada a una onda tropical al este del Atl\u00e1ntico tropical, presenta una probabilidad baja para los pr\u00f3ximos dos d\u00edas, mientras que en 7 d\u00edas muestra una probabilidad de 50\u202f%. Estos sistemas, por su posici\u00f3n y distancia, no representan ning\u00fan peligro para la Rep\u00fablica Dominicana.<\/p>\n","protected":false},"excerpt":{"rendered":"<p>Para el Gran Santo Domingo, la temperatura estar\u00e1 entre 22 \u00b0C y 24 \u00b0C, y<\/p>\n","protected":false},"author":1,"featured_media":18003,"comment_status":"open","ping_status":"open","sticky":false,"template":"","format":"standard","meta":{"footnotes":""},"categories":[12],"tags":[],"class_list":["post-18002","post","type-post","status-publish","format-standard","has-post-thumbnail","hentry","category-nacionales"],"_links":{"self":[{"href":"https:\/\/samantharadionline.com\/index.php\/wp-json\/wp\/v2\/posts\/18002","targetHints":{"allow":["GET"]}}],"collection":[{"href":"https:\/\/samantharadionline.com\/index.php\/wp-json\/wp\/v2\/posts"}],"about":[{"href":"https:\/\/samantharadionline.com\/index.php\/wp-json\/wp\/v2\/types\/post"}],"author":[{"embeddable":true,"href":"https:\/\/samantharadionline.com\/index.php\/wp-json\/wp\/v2\/users\/1"}],"replies":[{"embeddable":true,"href":"https:\/\/samantharadionline.com\/index.php\/wp-json\/wp\/v2\/comments?post=18002"}],"version-history":[{"count":1,"href":"https:\/\/samantharadionline.com\/index.php\/wp-json\/wp\/v2\/posts\/18002\/revisions"}],"predecessor-version":[{"id":18004,"href":"https:\/\/samantharadionline.com\/index.php\/wp-json\/wp\/v2\/posts\/18002\/revisions\/18004"}],"wp:featuredmedia":[{"embeddable":true,"href":"https:\/\/samantharadionline.com\/index.php\/wp-json\/wp\/v2\/media\/18003"}],"wp:attachment":[{"href":"https:\/\/samantharadionline.com\/index.php\/wp-json\/wp\/v2\/media?parent=18002"}],"wp:term":[{"taxonomy":"category","embeddable":true,"href":"https:\/\/samantharadionline.com\/index.php\/wp-json\/wp\/v2\/categories?post=18002"},{"taxonomy":"post_tag","embeddable":true,"href":"https:\/\/samantharadionline.com\/index.php\/wp-json\/wp\/v2\/tags?post=18002"}],"curies":[{"name":"wp","href":"https:\/\/api.w.org\/{rel}","templated":true}]}}