{"id":17985,"date":"2025-08-05T17:11:44","date_gmt":"2025-08-05T21:11:44","guid":{"rendered":"https:\/\/samantharadionline.com\/?p=17985"},"modified":"2025-08-05T17:16:22","modified_gmt":"2025-08-05T21:16:22","slug":"nuevo-codigo-penal-reacciones-que-marcan-el-rumbo-de-la-justicia-dominicana","status":"publish","type":"post","link":"https:\/\/samantharadionline.com\/index.php\/2025\/08\/05\/nuevo-codigo-penal-reacciones-que-marcan-el-rumbo-de-la-justicia-dominicana\/","title":{"rendered":"\u201cNuevo C\u00f3digo Penal: Reacciones que Marcan el Rumbo de la Justicia Dominicana\u201d"},"content":{"rendered":"\n<p><strong>Redacci\u00f3n de Samantha Radio Online<\/strong><\/p>\n\n\n\n<p>La promulgaci\u00f3n del nuevo C\u00f3digo Penal en Rep\u00fablica Dominicana ha desatado una ola de reacciones entre figuras pol\u00edticas, jur\u00eddicas, religiosas y sociales. Esta reforma, que sustituye una legislaci\u00f3n vigente desde 1884, ha sido calificada como un avance hist\u00f3rico por algunos y como una decepci\u00f3n por otros.<\/p>\n\n\n\n<p>El presidente Luis Abinader defendi\u00f3 la promulgaci\u00f3n como \u201cun paso necesario\u201d para enfrentar la criminalidad y modernizar el sistema judicial. Aunque reconoci\u00f3 que \u201cninguna ley es perfecta\u201d, afirm\u00f3 que el nuevo c\u00f3digo endurece las penas y ofrece mayor seguridad a las familias dominicanas.<\/p>\n\n\n\n<p>Desde el Congreso Nacional, Alfredo Pacheco, presidente de la C\u00e1mara de Diputados, celebr\u00f3 la aprobaci\u00f3n como \u201cuna conquista legislativa fruto del m\u00e1s amplio consenso posible\u201d. Ricardo de los Santos, presidente del Senado, tambi\u00e9n agradeci\u00f3 al mandatario por su \u201cvisi\u00f3n de futuro\u201d y compromiso con el Estado de derecho.<\/p>\n\n\n\n<p>La procuradora general Yeni Berenice Reynoso calific\u00f3 el nuevo c\u00f3digo como \u201cel cambio legislativo m\u00e1s importante en materia penal desde el siglo XIX\u201d. Destac\u00f3 que se ajusta a las nuevas tendencias del derecho penal y fortalece la lucha contra delitos modernos como el feminicidio, el ciberacoso y la corrupci\u00f3n.<\/p>\n\n\n\n<p>Juristas como Jorge Subero Isa y Olivo Rodr\u00edguez Huertas saludaron la reforma, se\u00f1alando que representa una modernizaci\u00f3n de la dogm\u00e1tica penal dominicana. Rodr\u00edguez Huertas afirm\u00f3 que \u201clanza a la modernidad\u201d el sistema jur\u00eddico del pa\u00eds.<\/p>\n\n\n\n<p>El Colegio de Abogados de la Rep\u00fablica Dominicana (CARD), presidido por Trajano Potentini, valor\u00f3 la reforma como un acto de valent\u00eda pol\u00edtica. Subray\u00f3 que el nuevo c\u00f3digo fortalece las garant\u00edas procesales y se adapta a compromisos internacionales en materia de derechos humanos.<\/p>\n\n\n\n<p>Desde el sector empresarial, el Consejo Nacional de la Empresa Privada (CONEP) expres\u00f3 su respaldo, destacando que la nueva legislaci\u00f3n promueve seguridad jur\u00eddica y confianza ciudadana. Consideraron que es un paso hacia una institucionalidad m\u00e1s s\u00f3lida.<\/p>\n\n\n\n<p>La Fundaci\u00f3n Institucionalidad y Justicia (Finjus), aunque salud\u00f3 la reforma, advirti\u00f3 que se sacrificaron ciertos derechos y que existen errores constitucionales que deben ser corregidos durante el per\u00edodo de vacatio legis, (La vacatio legis se define como el lapso de tiempo que transcurre entre la publicaci\u00f3n de una norma y su\u00a0entrada en vigor).<\/p>\n\n\n\n<p>El jurista Carlos Salcedo reconoci\u00f3 avances en eficiencia jur\u00eddica, pero critic\u00f3 retrocesos en derechos humanos, como la criminalizaci\u00f3n del aborto y la falta de responsabilidad penal institucional.<\/p>\n\n\n\n<p>En el \u00e1mbito religioso, el obispo Jes\u00fas Castro Marte elogi\u00f3 al presidente Abinader por su \u201cliderazgo y firmeza\u201d, calificando la promulgaci\u00f3n como un legado para el pueblo dominicano.<\/p>\n\n\n\n<p>Sin embargo, la oposici\u00f3n pol\u00edtica ha sido contundente en sus cr\u00edticas. Yv\u00e1n Lorenzo, del Partido de la Liberaci\u00f3n Dominicana (PLD), acus\u00f3 al gobierno de \u201csepultar el sue\u00f1o de la mujer dominicana\u201d al excluir las tres causales del aborto.<\/p>\n\n\n\n<p>Jos\u00e9 Dant\u00e9s, tambi\u00e9n del PLD, denunci\u00f3 incoherencia en el discurso presidencial, recordando que Abinader hab\u00eda apoyado p\u00fablicamente las causales en a\u00f1os anteriores.<\/p>\n\n\n\n<p>Organizaciones feministas y de derechos humanos han calificado el nuevo c\u00f3digo como un \u201cretroceso\u201d en la protecci\u00f3n de mujeres, ni\u00f1as y adolescentes. Se\u00f1alan que la omisi\u00f3n de las causales pone en riesgo vidas y derechos fundamentales.<\/p>\n\n\n\n<p>El abogado F\u00e9lix Portes advirti\u00f3 que el c\u00f3digo a\u00fan tiene desaciertos, especialmente en temas como el c\u00famulo de penas y las causales, que deben ser revisados por el Congreso.<\/p>\n\n\n\n<p>Mientras tanto, el periodista Pablo McKinney critic\u00f3 duramente la reforma en su columna, calific\u00e1ndola como \u201cfuneraria, desigual, abusadora y medieval\u201d, y acus\u00f3 a los partidos de ganar por cansancio.<\/p>\n\n\n\n<p>En conclusi\u00f3n, el nuevo C\u00f3digo Penal ha generado un debate profundo sobre el rumbo de la justicia dominicana. Aunque representa avances en tipificaci\u00f3n de delitos y fortalecimiento institucional, tambi\u00e9n deja abiertas heridas sociales que exigen atenci\u00f3n urgente. El pr\u00f3ximo a\u00f1o ser\u00e1 clave para ajustar y perfeccionar esta pieza legislativa que marcar\u00e1 el futuro penal del pa\u00eds.<\/p>\n","protected":false},"excerpt":{"rendered":"<p>Redacci\u00f3n de Samantha Radio Online La promulgaci\u00f3n del nuevo C\u00f3digo Penal en Rep\u00fablica Dominicana ha<\/p>\n","protected":false},"author":1,"featured_media":17986,"comment_status":"open","ping_status":"open","sticky":false,"template":"","format":"standard","meta":{"footnotes":""},"categories":[13],"tags":[],"class_list":["post-17985","post","type-post","status-publish","format-standard","has-post-thumbnail","hentry","category-opinion"],"_links":{"self":[{"href":"https:\/\/samantharadionline.com\/index.php\/wp-json\/wp\/v2\/posts\/17985","targetHints":{"allow":["GET"]}}],"collection":[{"href":"https:\/\/samantharadionline.com\/index.php\/wp-json\/wp\/v2\/posts"}],"about":[{"href":"https:\/\/samantharadionline.com\/index.php\/wp-json\/wp\/v2\/types\/post"}],"author":[{"embeddable":true,"href":"https:\/\/samantharadionline.com\/index.php\/wp-json\/wp\/v2\/users\/1"}],"replies":[{"embeddable":true,"href":"https:\/\/samantharadionline.com\/index.php\/wp-json\/wp\/v2\/comments?post=17985"}],"version-history":[{"count":2,"href":"https:\/\/samantharadionline.com\/index.php\/wp-json\/wp\/v2\/posts\/17985\/revisions"}],"predecessor-version":[{"id":17989,"href":"https:\/\/samantharadionline.com\/index.php\/wp-json\/wp\/v2\/posts\/17985\/revisions\/17989"}],"wp:featuredmedia":[{"embeddable":true,"href":"https:\/\/samantharadionline.com\/index.php\/wp-json\/wp\/v2\/media\/17986"}],"wp:attachment":[{"href":"https:\/\/samantharadionline.com\/index.php\/wp-json\/wp\/v2\/media?parent=17985"}],"wp:term":[{"taxonomy":"category","embeddable":true,"href":"https:\/\/samantharadionline.com\/index.php\/wp-json\/wp\/v2\/categories?post=17985"},{"taxonomy":"post_tag","embeddable":true,"href":"https:\/\/samantharadionline.com\/index.php\/wp-json\/wp\/v2\/tags?post=17985"}],"curies":[{"name":"wp","href":"https:\/\/api.w.org\/{rel}","templated":true}]}}