{"id":17982,"date":"2025-08-05T17:09:31","date_gmt":"2025-08-05T21:09:31","guid":{"rendered":"https:\/\/samantharadionline.com\/?p=17982"},"modified":"2025-08-05T17:09:31","modified_gmt":"2025-08-05T21:09:31","slug":"reforma-laboral-en-rd-voces-que-definen-el-rumbo-del-nuevo-codigo","status":"publish","type":"post","link":"https:\/\/samantharadionline.com\/index.php\/2025\/08\/05\/reforma-laboral-en-rd-voces-que-definen-el-rumbo-del-nuevo-codigo\/","title":{"rendered":"\u201cReforma Laboral en RD: voces que definen el rumbo del nuevo C\u00f3digo\u201d"},"content":{"rendered":"\n<p>Redacci\u00f3n de Samantha Radio Online<\/p>\n\n\n\n<p>La reciente promulgaci\u00f3n del nuevo C\u00f3digo Laboral en Rep\u00fablica Dominicana ha generado un amplio debate entre l\u00edderes pol\u00edticos, empresariales, sindicales y sociales. Esta reforma, considerada por muchos como hist\u00f3rica, busca modernizar un marco legal vigente desde 1992, adapt\u00e1ndolo a las nuevas realidades del mercado laboral dominicano.<\/p>\n\n\n\n<p>El presidente Luis Abinader ha sido enf\u00e1tico en que esta reforma representa un avance necesario. En su encuentro semanal con la prensa, asegur\u00f3 que \u201cla cesant\u00eda no se tocar\u00e1\u201d, despejando una de las principales preocupaciones de los sindicatos. Adem\u00e1s, destac\u00f3 que el proyecto est\u00e1 consensuado en m\u00e1s del 90%, lo que refleja un esfuerzo por lograr equilibrio entre los sectores involucrados.<\/p>\n\n\n\n<p>Desde el Senado, el legislador Rafael Bar\u00f3n Duluc, presidente de la Comisi\u00f3n Especial para la Reforma Laboral, calific\u00f3 la aprobaci\u00f3n como un \u201cpaso hist\u00f3rico\u201d y resalt\u00f3 que se escucharon m\u00e1s de 30 sectores clave del pa\u00eds para construir una propuesta plural y t\u00e9cnicamente fundamentada. La inclusi\u00f3n del teletrabajo, la dignificaci\u00f3n del trabajo dom\u00e9stico y la tipificaci\u00f3n del acoso laboral son algunos de los avances que destac\u00f3.<\/p>\n\n\n\n<p>El ministro de Trabajo, Eddy Olivares, tambi\u00e9n defendi\u00f3 la reforma, se\u00f1alando que introduce mayor seguridad procesal para trabajadores y empresas. Subray\u00f3 la creaci\u00f3n de un juez especializado en conciliaci\u00f3n y una Escuela de Mediaci\u00f3n que agilizar\u00e1 los procesos laborales. Seg\u00fan Olivares, esto evitar\u00e1 que los trabajadores esperen a\u00f1os por sus prestaciones y que los empresarios enfrenten litigios interminables.<\/p>\n\n\n\n<p>Sin embargo, no todas las voces han sido favorables. Un total de 85 gremios empresariales, encabezados por el Consejo Nacional de la Empresa Privada (Conep), expresaron su rechazo a la reforma. Alegan que el nuevo c\u00f3digo aumenta los costos laborales y desincentiva la formalizaci\u00f3n del empleo, especialmente en las mipymes.<\/p>\n\n\n\n<p>Laura Pe\u00f1a Izquierdo, presidenta de Copardom, afirm\u00f3 que el proyecto aprobado desconoce acuerdos construidos durante a\u00f1os de di\u00e1logo tripartito. Por su parte, Celso Juan Marranzini, de la AIRD, advirti\u00f3 que la reforma podr\u00eda generar incertidumbre jur\u00eddica y afectar la inversi\u00f3n extranjera.<\/p>\n\n\n\n<p>En contraste, l\u00edderes sindicales como Rafael (Pepe) Abreu han celebrado la decisi\u00f3n de mantener intacto el sistema de cesant\u00eda, calific\u00e1ndolo como una victoria para los trabajadores. Tambi\u00e9n han valorado la ampliaci\u00f3n de licencias por maternidad y paternidad como un paso hacia la equidad laboral.<\/p>\n\n\n\n<p>La sociedad civil ha tenido un papel activo en este proceso. Personalidades como Francina Hungr\u00eda han se\u00f1alado que la reforma debe ser inclusiva o fracasar\u00e1. En su an\u00e1lisis, destac\u00f3 la necesidad de garantizar la participaci\u00f3n econ\u00f3mica de personas con discapacidad, un aspecto que a\u00fan requiere mayor atenci\u00f3n.<\/p>\n\n\n\n<p>Desde el \u00e1mbito acad\u00e9mico, expertos en derecho laboral han resaltado que el nuevo c\u00f3digo fortalece las atribuciones del Ministerio de Trabajo, permiti\u00e9ndole fiscalizar y sancionar con mayor eficacia. Esto podr\u00eda mejorar el cumplimiento de la ley y reducir la informalidad laboral.<\/p>\n\n\n\n<p>En los medios de comunicaci\u00f3n, programas como \u201cEsta Noche Mariasela\u201d y \u201cLa Opci\u00f3n Radio\u201d han servido de plataforma para discutir los cambios propuestos. Analistas como Faride Raful y Diana Lora han coincidido en que, aunque perfectible, la reforma representa un avance frente a un c\u00f3digo que llevaba m\u00e1s de tres d\u00e9cadas sin actualizaci\u00f3n7.<\/p>\n\n\n\n<p>El presidente Abinader ha reiterado que \u201cninguna ley es perfecta\u201d, pero que esta reforma responde a los tiempos actuales y al compromiso con la justicia social. Tambi\u00e9n ha invitado a mantener el di\u00e1logo constructivo para afinar los detalles pendientes en el Congreso.<\/p>\n\n\n\n<p>En resumen, la reforma al C\u00f3digo Laboral ha despertado opiniones encontradas, pero tambi\u00e9n ha abierto una ventana de oportunidad para construir un sistema laboral m\u00e1s justo, moderno e inclusivo. El reto ahora ser\u00e1 convertir este consenso legislativo en una realidad que beneficie a todos los dominicanos.<\/p>\n","protected":false},"excerpt":{"rendered":"<p>Redacci\u00f3n de Samantha Radio Online La reciente promulgaci\u00f3n del nuevo C\u00f3digo Laboral en Rep\u00fablica Dominicana<\/p>\n","protected":false},"author":1,"featured_media":17983,"comment_status":"open","ping_status":"open","sticky":false,"template":"","format":"standard","meta":{"footnotes":""},"categories":[13],"tags":[],"class_list":["post-17982","post","type-post","status-publish","format-standard","has-post-thumbnail","hentry","category-opinion"],"_links":{"self":[{"href":"https:\/\/samantharadionline.com\/index.php\/wp-json\/wp\/v2\/posts\/17982","targetHints":{"allow":["GET"]}}],"collection":[{"href":"https:\/\/samantharadionline.com\/index.php\/wp-json\/wp\/v2\/posts"}],"about":[{"href":"https:\/\/samantharadionline.com\/index.php\/wp-json\/wp\/v2\/types\/post"}],"author":[{"embeddable":true,"href":"https:\/\/samantharadionline.com\/index.php\/wp-json\/wp\/v2\/users\/1"}],"replies":[{"embeddable":true,"href":"https:\/\/samantharadionline.com\/index.php\/wp-json\/wp\/v2\/comments?post=17982"}],"version-history":[{"count":1,"href":"https:\/\/samantharadionline.com\/index.php\/wp-json\/wp\/v2\/posts\/17982\/revisions"}],"predecessor-version":[{"id":17984,"href":"https:\/\/samantharadionline.com\/index.php\/wp-json\/wp\/v2\/posts\/17982\/revisions\/17984"}],"wp:featuredmedia":[{"embeddable":true,"href":"https:\/\/samantharadionline.com\/index.php\/wp-json\/wp\/v2\/media\/17983"}],"wp:attachment":[{"href":"https:\/\/samantharadionline.com\/index.php\/wp-json\/wp\/v2\/media?parent=17982"}],"wp:term":[{"taxonomy":"category","embeddable":true,"href":"https:\/\/samantharadionline.com\/index.php\/wp-json\/wp\/v2\/categories?post=17982"},{"taxonomy":"post_tag","embeddable":true,"href":"https:\/\/samantharadionline.com\/index.php\/wp-json\/wp\/v2\/tags?post=17982"}],"curies":[{"name":"wp","href":"https:\/\/api.w.org\/{rel}","templated":true}]}}