{"id":17976,"date":"2025-08-05T16:38:46","date_gmt":"2025-08-05T20:38:46","guid":{"rendered":"https:\/\/samantharadionline.com\/?p=17976"},"modified":"2025-08-05T16:38:47","modified_gmt":"2025-08-05T20:38:47","slug":"diaz-se-reune-con-la-onec-para-reafirmar-apertura-al-dialogo-y-fortalecer-la-economia-nacional","status":"publish","type":"post","link":"https:\/\/samantharadionline.com\/index.php\/2025\/08\/05\/diaz-se-reune-con-la-onec-para-reafirmar-apertura-al-dialogo-y-fortalecer-la-economia-nacional\/","title":{"rendered":"D\u00edaz se re\u00fane con la ONEC para reafirmar apertura al di\u00e1logo y fortalecer  la econom\u00eda nacional"},"content":{"rendered":"\n<p class=\"has-medium-font-size\"><em>Este acercamiento forma parte de una agenda de encuentros que el ministro ha iniciado con actores fundamentales de la econom\u00eda, con el objetivo de escuchar, intercambiar ideas y construir soluciones conjuntas. Durante el encuentro con el titular de Hacienda y Econom\u00eda, miembros de la ONEC valoraron su experiencia t\u00e9cnica<\/em><\/p>\n\n\n\n<p><strong>Santo Domingo, RD<\/strong><\/p>\n\n\n\n<p>El ministro de Hacienda y Econom\u00eda, Mag\u00edn D\u00edaz, se reuni\u00f3 con directivos de la Organizaci\u00f3n Nacional de Empresas Comerciales (ONEC), encuentro en el cual reafirm\u00f3 su compromiso con una gesti\u00f3n abierta y basada en el di\u00e1logo permanente con los sectores productivos.<\/p>\n\n\n\n<p>En la reuni\u00f3n se analizaron temas clave para el fortalecimiento del sistema fiscal y financiero del pa\u00eds, as\u00ed como las principales necesidades del sector.<\/p>\n\n\n\n<p>Este acercamiento forma parte de una agenda de encuentros que el ministro ha iniciado con actores fundamentales de la econom\u00eda, con el objetivo de escuchar, intercambiar ideas y construir soluciones conjuntas.<\/p>\n\n\n\n<p>Los representantes de la ONEC manifestaron su respaldo a la designaci\u00f3n de D\u00edaz, calific\u00e1ndola como una apuesta por el fortalecimiento institucional, la estabilidad fiscal y la continuidad de pol\u00edticas p\u00fablicas que promuevan el desarrollo sostenible.<\/p>\n\n\n\n<figure class=\"wp-block-image\" id=\"m91788-91787-91789\"><img decoding=\"async\" src=\"https:\/\/listindiario.com\/files\/vertical_main_image\/uploads\/2025\/08\/05\/689230524b3a9.jpeg\" alt=\"Encuentro con la ONEC.\"\/><figcaption class=\"wp-element-caption\">Encuentro con la ONEC.Externa<\/figcaption><\/figure>\n\n\n\n<p>Asimismo, expresaron toda su disposici\u00f3n a colaborar con las iniciativas econ\u00f3micas impulsadas por el Gobierno.<\/p>\n\n\n\n<p>La delegaci\u00f3n destac\u00f3 la amplia experiencia y trayectoria del ministro D\u00edaz, lo que representa una oportunidad para seguir construyendo confianza y garantizar eficiencia en la gesti\u00f3n econ\u00f3mica nacional.<\/p>\n\n\n\n<p>El ministro agradeci\u00f3 el apoyo recibido y comparti\u00f3 con los empresarios las prioridades y perspectivas de su gesti\u00f3n, destacando que estar\u00e1 enfocada en la escucha activa, la b\u00fasqueda de consensos y la articulaci\u00f3n de pol\u00edticas p\u00fablicas que promuevan el crecimiento econ\u00f3mico con responsabilidad fiscal.<\/p>\n\n\n\n<p>\u201cEstos espacios de conversaci\u00f3n son esenciales. Queremos trabajar de la mano con todos los sectores que generan valor a la econom\u00eda. El di\u00e1logo ser\u00e1 la base para construir una pol\u00edtica fiscal moderna, eficiente y sostenible\u201d, afirm\u00f3 D\u00edaz.<\/p>\n\n\n\n<p>La delegaci\u00f3n de la ONEC estuvo encabezada por Ernesto Mart\u00ednez, presidente de la ONEC, e integrada por Mario Lama, pasado presidente; Jennifer Troncoso, directora; Dana Cabral, tesorera; Guillermo Prida, vocal; Jos\u00e9 Luis Magad\u00e1n, vocal y pasado presidente, y C\u00e9sar Tapia.<\/p>\n\n\n\n<p>La ONEC es una asociaci\u00f3n sin fines de lucro que agrupa y representa importantes empresas del sector comercial de venta al detalle de la Rep\u00fablica Dominicana. Ejercen actividades en diversos renglones como supermercados, hipermercados, farmacias, tiendas por departamentos y especializadas, ferreter\u00edas, centros comerciales y otros negocios a nivel nacional.<\/p>\n","protected":false},"excerpt":{"rendered":"<p>Este acercamiento forma parte de una agenda de encuentros que el ministro ha iniciado con<\/p>\n","protected":false},"author":1,"featured_media":17977,"comment_status":"open","ping_status":"open","sticky":false,"template":"","format":"standard","meta":{"footnotes":""},"categories":[10],"tags":[],"class_list":["post-17976","post","type-post","status-publish","format-standard","has-post-thumbnail","hentry","category-economica"],"_links":{"self":[{"href":"https:\/\/samantharadionline.com\/index.php\/wp-json\/wp\/v2\/posts\/17976","targetHints":{"allow":["GET"]}}],"collection":[{"href":"https:\/\/samantharadionline.com\/index.php\/wp-json\/wp\/v2\/posts"}],"about":[{"href":"https:\/\/samantharadionline.com\/index.php\/wp-json\/wp\/v2\/types\/post"}],"author":[{"embeddable":true,"href":"https:\/\/samantharadionline.com\/index.php\/wp-json\/wp\/v2\/users\/1"}],"replies":[{"embeddable":true,"href":"https:\/\/samantharadionline.com\/index.php\/wp-json\/wp\/v2\/comments?post=17976"}],"version-history":[{"count":1,"href":"https:\/\/samantharadionline.com\/index.php\/wp-json\/wp\/v2\/posts\/17976\/revisions"}],"predecessor-version":[{"id":17978,"href":"https:\/\/samantharadionline.com\/index.php\/wp-json\/wp\/v2\/posts\/17976\/revisions\/17978"}],"wp:featuredmedia":[{"embeddable":true,"href":"https:\/\/samantharadionline.com\/index.php\/wp-json\/wp\/v2\/media\/17977"}],"wp:attachment":[{"href":"https:\/\/samantharadionline.com\/index.php\/wp-json\/wp\/v2\/media?parent=17976"}],"wp:term":[{"taxonomy":"category","embeddable":true,"href":"https:\/\/samantharadionline.com\/index.php\/wp-json\/wp\/v2\/categories?post=17976"},{"taxonomy":"post_tag","embeddable":true,"href":"https:\/\/samantharadionline.com\/index.php\/wp-json\/wp\/v2\/tags?post=17976"}],"curies":[{"name":"wp","href":"https:\/\/api.w.org\/{rel}","templated":true}]}}