{"id":17973,"date":"2025-08-05T16:35:36","date_gmt":"2025-08-05T20:35:36","guid":{"rendered":"https:\/\/samantharadionline.com\/?p=17973"},"modified":"2025-08-05T16:35:37","modified_gmt":"2025-08-05T20:35:37","slug":"oms-desaconseja-uso-de-antibioticos-empiricos-para-casos-de-covid","status":"publish","type":"post","link":"https:\/\/samantharadionline.com\/index.php\/2025\/08\/05\/oms-desaconseja-uso-de-antibioticos-empiricos-para-casos-de-covid\/","title":{"rendered":"OMS desaconseja uso de antibi\u00f3ticos emp\u00edricos para casos de Covid"},"content":{"rendered":"\n<p class=\"has-medium-font-size\"><em>La agencia sanitaria internacional actualiza de forma peri\u00f3dica sus directrices de atenci\u00f3n cl\u00ednica para la Covid-19 para reflejar la nueva evidencia, as\u00ed como los cambios en la propagaci\u00f3n y la gravedad de la enfermedad<\/em><\/p>\n\n\n\n<p><em>\u00a0<\/em>Europa Press<strong>, Madrid. Espa\u00f1a<\/strong><\/p>\n\n\n\n<p>La&nbsp;<strong>Organizaci\u00f3n Mundial de la Salud (OMS)&nbsp;<\/strong>ha desaconsejado el tratamiento con antibi\u00f3ticos emp\u00edricos, esto es, aquel que se prescribe antes de disponer de informaci\u00f3n definitiva sobre la infecci\u00f3n que se quiere tratar, para&nbsp;<strong>casos de Covid-19,&nbsp;<\/strong>bien sea grave o no grave, en los que concurra una baja sospecha cl\u00ednica de infecci\u00f3n bacteriana concurrente.<\/p>\n\n\n\n<p>Estas son las dos nuevas recomendaciones que la OMS ha incluido en la \u00faltima actualizaci\u00f3n de la &#8216;Gu\u00eda pr\u00e1ctica para el manejo cl\u00ednico de la Covid-19&#8217; atendiendo a las conclusiones de un metaan\u00e1lisis reciente sobre resultados de pacientes tratados con antibi\u00f3ticos para la Covid-19.<\/p>\n\n\n\n<p>La agencia sanitaria internacional actualiza de forma peri\u00f3dica sus directrices de atenci\u00f3n cl\u00ednica para la Covid-19 para reflejar la nueva evidencia, as\u00ed como los cambios en la propagaci\u00f3n y la gravedad de la enfermedad, con el objetivo de servir de referencia a<strong>&nbsp;profesionales sanitarios involucrados<\/strong>&nbsp;en el cuidado de estos pacientes.<\/p>\n\n\n\n<p>Seg\u00fan refleja en esta versi\u00f3n, la octava desde que inici\u00f3 su publicaci\u00f3n en 2020, se han producido cambios notables en la<strong>&nbsp;Covid-19<\/strong>&nbsp;durante este tiempo, marcados por la reducci\u00f3n general de las tasas de infecci\u00f3n y la reducci\u00f3n de la gravedad de la enfermedad. Adem\u00e1s,<strong>&nbsp;se han eliminado las medidas de emergencia impuestas,&nbsp;<\/strong>y la atenci\u00f3n a los pacientes se ha integrado en mayor medida con los sistemas de salud habituales.<\/p>\n\n\n\n<p>Este nuevo contexto ha impulsado una revisi\u00f3n del alcance y el contenido de todas las directrices existentes en la gu\u00eda, que abordan desde las medidas de control, prevenci\u00f3n y detecci\u00f3n temprana de la infecci\u00f3n hasta el tratamiento de pacientes en cualquier estado y el proceso de rehabilitaci\u00f3n posterior a la&nbsp;<strong>curaci\u00f3n<\/strong>.<\/p>\n","protected":false},"excerpt":{"rendered":"<p>La agencia sanitaria internacional actualiza de forma peri\u00f3dica sus directrices de atenci\u00f3n cl\u00ednica para la<\/p>\n","protected":false},"author":1,"featured_media":17974,"comment_status":"open","ping_status":"open","sticky":false,"template":"","format":"standard","meta":{"footnotes":""},"categories":[15],"tags":[],"class_list":["post-17973","post","type-post","status-publish","format-standard","has-post-thumbnail","hentry","category-salud"],"_links":{"self":[{"href":"https:\/\/samantharadionline.com\/index.php\/wp-json\/wp\/v2\/posts\/17973","targetHints":{"allow":["GET"]}}],"collection":[{"href":"https:\/\/samantharadionline.com\/index.php\/wp-json\/wp\/v2\/posts"}],"about":[{"href":"https:\/\/samantharadionline.com\/index.php\/wp-json\/wp\/v2\/types\/post"}],"author":[{"embeddable":true,"href":"https:\/\/samantharadionline.com\/index.php\/wp-json\/wp\/v2\/users\/1"}],"replies":[{"embeddable":true,"href":"https:\/\/samantharadionline.com\/index.php\/wp-json\/wp\/v2\/comments?post=17973"}],"version-history":[{"count":1,"href":"https:\/\/samantharadionline.com\/index.php\/wp-json\/wp\/v2\/posts\/17973\/revisions"}],"predecessor-version":[{"id":17975,"href":"https:\/\/samantharadionline.com\/index.php\/wp-json\/wp\/v2\/posts\/17973\/revisions\/17975"}],"wp:featuredmedia":[{"embeddable":true,"href":"https:\/\/samantharadionline.com\/index.php\/wp-json\/wp\/v2\/media\/17974"}],"wp:attachment":[{"href":"https:\/\/samantharadionline.com\/index.php\/wp-json\/wp\/v2\/media?parent=17973"}],"wp:term":[{"taxonomy":"category","embeddable":true,"href":"https:\/\/samantharadionline.com\/index.php\/wp-json\/wp\/v2\/categories?post=17973"},{"taxonomy":"post_tag","embeddable":true,"href":"https:\/\/samantharadionline.com\/index.php\/wp-json\/wp\/v2\/tags?post=17973"}],"curies":[{"name":"wp","href":"https:\/\/api.w.org\/{rel}","templated":true}]}}