{"id":17966,"date":"2025-08-05T10:04:00","date_gmt":"2025-08-05T14:04:00","guid":{"rendered":"https:\/\/samantharadionline.com\/?p=17966"},"modified":"2025-08-05T10:07:54","modified_gmt":"2025-08-05T14:07:54","slug":"el-senador-carlos-gomez-entrega-rd100-millones-en-creditos-a-400-microempresarios-en-moca","status":"publish","type":"post","link":"https:\/\/samantharadionline.com\/index.php\/2025\/08\/05\/el-senador-carlos-gomez-entrega-rd100-millones-en-creditos-a-400-microempresarios-en-moca\/","title":{"rendered":"El Senador Carlos G\u00f3mez  entrega RD$100 millones en cr\u00e9ditos a 400 microempresarios en Moca."},"content":{"rendered":"\n<p class=\"has-medium-font-size\"><em>Para \u00a0impulsar el desarrollo emprendedor<\/em><\/p>\n\n\n\n<figure class=\"wp-block-image\"><img decoding=\"async\" src=\"https:\/\/lh3.googleusercontent.com\/a-\/ALV-UjXu7pNnjgAGPWlYT8wN2Yzg8tpcBw462B6T116GXosZe3uF88k=s40-p\" alt=\"\"\/><\/figure>\n\n\n\n<figure class=\"wp-block-table\"><table class=\"has-fixed-layout\"><tbody><tr><td><strong>C<\/strong>arlos G\u00f3mez, <strong>Moca, R.D.<\/strong><\/td><\/tr><\/tbody><\/table><\/figure>\n\n\n\n<p>En un paso decisivo hacia el fortalecimiento de la econom\u00eda local y el impulso al emprendimiento, el senador Carlos G\u00f3mez encabez\u00f3 este jueves el acto de entrega de RD$100 millones en pr\u00e9stamos a 400 microempresarios y emprendedores de la provincia Espaillat, como resultado directo de la feria de financiamiento organizada recientemente en coordinaci\u00f3n con el Consejo Nacional de Promoci\u00f3n y Apoyo a la Micro, Peque\u00f1a y Mediana Empresa (Promipyme).<\/p>\n\n\n\n<p><strong>Durante sus palabras de bienvenida, el senador expres\u00f3:<\/strong><\/p>\n\n\n\n<p>\u201cHoy iniciamos la ma\u00f1ana con entusiasmo y esperanza, al celebrar el fruto de un esfuerzo colectivo: la entrega de pr\u00e9stamos a micro, peque\u00f1os y medianos empresarios, as\u00ed como a emprendedores de nuestra provincia, como resultado directo de la feria de financiamiento que impulsamos con el firme prop\u00f3sito de incentivar el comercio local.<\/p>\n\n\n\n<p>Este acto simboliza ayuda real, protecci\u00f3n concreta, y sobre todo, una apuesta decidida por el crecimiento, por el empleo digno y por el desarrollo sostenible de nuestras comunidades.<\/p>\n\n\n\n<p>Estoy convencido de que entre m\u00e1s fortalecemos el sector privado, menos personas depender\u00e1n del Estado. Por eso, mantengo firme mi compromiso como senador de seguir promoviendo iniciativas que impulsen a quienes cada d\u00eda generan empleo, innovaci\u00f3n y oportunidades en nuestra provincia.<\/p>\n\n\n\n<p>Como dijo Peter Drucker: \u2018La mejor forma de predecir el futuro es crearlo\u2019. Y eso es justamente lo que hacemos hoy: crear futuro apostando por el emprendimiento, la productividad y el trabajo honesto.\u201d<\/p>\n\n\n\n<p>El acto se celebr\u00f3 en el Teatro Don Bosco de la Iglesia Salesiana y cont\u00f3 con la participaci\u00f3n del director de Promipyme, Fabricio G\u00f3mez Mazara, quien destac\u00f3 que el 56% de los pr\u00e9stamos fue otorgado a mujeres emprendedoras, reafirmando as\u00ed el enfoque de g\u00e9nero que promueve la instituci\u00f3n.<\/p>\n\n\n\n<p>G\u00f3mez Mazara tambi\u00e9n resalt\u00f3 el impacto del programa \u201cTu Firma es Tu Garant\u00eda\u201d, que permite a emprendedores no bancarizados acceder a financiamiento sin necesidad de garantes, y valor\u00f3 que m\u00e1s del 52% de los desembolsos a nivel nacional han sido dirigidos a mujeres.<\/p>\n\n\n\n<p>El senador Carlos G\u00f3mez agradeci\u00f3 especialmente al equipo de Promipyme, en particular a las oficinas de Moca y Gaspar Hern\u00e1ndez, por su trabajo cercano y comprometido, as\u00ed como al presidente Luis Abinader, por su respaldo a las mipymes y por su visi\u00f3n de desarrollo econ\u00f3mico inclusivo.<\/p>\n\n\n\n<p>\u201cSigamos apostando por nuestra gente, por quienes creen, producen y se levantan cada d\u00eda para avanzar. \u00a1Vamos por m\u00e1s, Espaillat!\u201d, concluy\u00f3 el senador.<\/p>\n","protected":false},"excerpt":{"rendered":"<p>Para \u00a0impulsar el desarrollo emprendedor Carlos G\u00f3mez, Moca, R.D. En un paso decisivo hacia el<\/p>\n","protected":false},"author":1,"featured_media":17967,"comment_status":"open","ping_status":"open","sticky":false,"template":"","format":"standard","meta":{"footnotes":""},"categories":[10],"tags":[],"class_list":["post-17966","post","type-post","status-publish","format-standard","has-post-thumbnail","hentry","category-economica"],"_links":{"self":[{"href":"https:\/\/samantharadionline.com\/index.php\/wp-json\/wp\/v2\/posts\/17966","targetHints":{"allow":["GET"]}}],"collection":[{"href":"https:\/\/samantharadionline.com\/index.php\/wp-json\/wp\/v2\/posts"}],"about":[{"href":"https:\/\/samantharadionline.com\/index.php\/wp-json\/wp\/v2\/types\/post"}],"author":[{"embeddable":true,"href":"https:\/\/samantharadionline.com\/index.php\/wp-json\/wp\/v2\/users\/1"}],"replies":[{"embeddable":true,"href":"https:\/\/samantharadionline.com\/index.php\/wp-json\/wp\/v2\/comments?post=17966"}],"version-history":[{"count":1,"href":"https:\/\/samantharadionline.com\/index.php\/wp-json\/wp\/v2\/posts\/17966\/revisions"}],"predecessor-version":[{"id":17968,"href":"https:\/\/samantharadionline.com\/index.php\/wp-json\/wp\/v2\/posts\/17966\/revisions\/17968"}],"wp:featuredmedia":[{"embeddable":true,"href":"https:\/\/samantharadionline.com\/index.php\/wp-json\/wp\/v2\/media\/17967"}],"wp:attachment":[{"href":"https:\/\/samantharadionline.com\/index.php\/wp-json\/wp\/v2\/media?parent=17966"}],"wp:term":[{"taxonomy":"category","embeddable":true,"href":"https:\/\/samantharadionline.com\/index.php\/wp-json\/wp\/v2\/categories?post=17966"},{"taxonomy":"post_tag","embeddable":true,"href":"https:\/\/samantharadionline.com\/index.php\/wp-json\/wp\/v2\/tags?post=17966"}],"curies":[{"name":"wp","href":"https:\/\/api.w.org\/{rel}","templated":true}]}}