{"id":17954,"date":"2025-08-05T09:42:04","date_gmt":"2025-08-05T13:42:04","guid":{"rendered":"https:\/\/samantharadionline.com\/?p=17954"},"modified":"2025-08-05T09:42:05","modified_gmt":"2025-08-05T13:42:05","slug":"temblor-5-2-grados-se-registra-en-el-mar-caribe-cerca-de-la-isla-saona","status":"publish","type":"post","link":"https:\/\/samantharadionline.com\/index.php\/2025\/08\/05\/temblor-5-2-grados-se-registra-en-el-mar-caribe-cerca-de-la-isla-saona\/","title":{"rendered":"Temblor 5.2 grados se registra en el mar Caribe cerca de la isla Saona"},"content":{"rendered":"\n<p class=\"has-medium-font-size\"><em>Sismolog\u00eda muestra unos 20 temblores registrados en las \u00faltimas 24 horas<\/em><\/p>\n\n\n\n<figure class=\"wp-block-image\"><img decoding=\"async\" src=\"https:\/\/listindiario.com\/files\/image_60_60\/uploads\/2025\/07\/23\/68815148bac7d.jpeg\" alt=\"Avatar del Deyanira Polanco\"\/><\/figure>\n\n\n\n<p><em>\u00a0<\/em>Deyanira Polanco,<strong> SANTO DOMINGO, RD<\/strong><\/p>\n\n\n\n<p>Un sismo de magnitud 5.2 en la escala de Richter se registr\u00f3 la ma\u00f1ana de este martes en aguas del mar Caribe, cerca de la isla Saona, seg\u00fan confirm\u00f3 el Instituto Nacional de Sismolog\u00eda de la Universidad Aut\u00f3noma de Santo Domingo.<\/p>\n\n\n\n<p>Pedro Salazar, analista de datos s\u00edsmicos inform\u00f3 que el evento ocurri\u00f3 a las 5:23 de la ma\u00f1ana, con epicentro a 40.8 kil\u00f3metros al este de Mano Juan, en la isla Saona, con una profundidad de 164 kil\u00f3metros.<\/p>\n\n\n\n<p>El temblor se sinti\u00f3 en comunidades cercanas como La Romana, Boca de Yuma y Bayah\u00edbe, sin que se haya reportado da\u00f1os por el momento.<\/p>\n\n\n\n<p>Se recuerda que la isla Hispaniola mantiene una actividad s\u00edsmica activa, y el portal del Instituto Sismol\u00f3gico muestra unos 20 temblores registrados en las \u00faltimas 24 horas.<\/p>\n\n\n\n<p><\/p>\n","protected":false},"excerpt":{"rendered":"<p>Sismolog\u00eda muestra unos 20 temblores registrados en las \u00faltimas 24 horas \u00a0Deyanira Polanco, SANTO DOMINGO,<\/p>\n","protected":false},"author":1,"featured_media":17955,"comment_status":"open","ping_status":"open","sticky":false,"template":"","format":"standard","meta":{"footnotes":""},"categories":[12],"tags":[],"class_list":["post-17954","post","type-post","status-publish","format-standard","has-post-thumbnail","hentry","category-nacionales"],"_links":{"self":[{"href":"https:\/\/samantharadionline.com\/index.php\/wp-json\/wp\/v2\/posts\/17954","targetHints":{"allow":["GET"]}}],"collection":[{"href":"https:\/\/samantharadionline.com\/index.php\/wp-json\/wp\/v2\/posts"}],"about":[{"href":"https:\/\/samantharadionline.com\/index.php\/wp-json\/wp\/v2\/types\/post"}],"author":[{"embeddable":true,"href":"https:\/\/samantharadionline.com\/index.php\/wp-json\/wp\/v2\/users\/1"}],"replies":[{"embeddable":true,"href":"https:\/\/samantharadionline.com\/index.php\/wp-json\/wp\/v2\/comments?post=17954"}],"version-history":[{"count":1,"href":"https:\/\/samantharadionline.com\/index.php\/wp-json\/wp\/v2\/posts\/17954\/revisions"}],"predecessor-version":[{"id":17956,"href":"https:\/\/samantharadionline.com\/index.php\/wp-json\/wp\/v2\/posts\/17954\/revisions\/17956"}],"wp:featuredmedia":[{"embeddable":true,"href":"https:\/\/samantharadionline.com\/index.php\/wp-json\/wp\/v2\/media\/17955"}],"wp:attachment":[{"href":"https:\/\/samantharadionline.com\/index.php\/wp-json\/wp\/v2\/media?parent=17954"}],"wp:term":[{"taxonomy":"category","embeddable":true,"href":"https:\/\/samantharadionline.com\/index.php\/wp-json\/wp\/v2\/categories?post=17954"},{"taxonomy":"post_tag","embeddable":true,"href":"https:\/\/samantharadionline.com\/index.php\/wp-json\/wp\/v2\/tags?post=17954"}],"curies":[{"name":"wp","href":"https:\/\/api.w.org\/{rel}","templated":true}]}}