{"id":17951,"date":"2025-08-05T09:39:18","date_gmt":"2025-08-05T13:39:18","guid":{"rendered":"https:\/\/samantharadionline.com\/?p=17951"},"modified":"2025-08-05T09:39:19","modified_gmt":"2025-08-05T13:39:19","slug":"extinguen-accion-penal-de-querellantes-presentaron-acusacion-en-caso-calamar","status":"publish","type":"post","link":"https:\/\/samantharadionline.com\/index.php\/2025\/08\/05\/extinguen-accion-penal-de-querellantes-presentaron-acusacion-en-caso-calamar\/","title":{"rendered":"Extinguen acci\u00f3n penal de querellantes presentaron acusaci\u00f3n en caso Calamar"},"content":{"rendered":"\n<p class=\"has-medium-font-size\"><em>Por supuestamente estafar al Estado dominicano, figuran los exministros Jos\u00e9 Ram\u00f3n Peralta, Donald Guerrero, Gonzalo Castillo<\/em><\/p>\n\n\n\n<figure class=\"wp-block-image\"><img decoding=\"async\" src=\"https:\/\/listindiario.com\/files\/image_60_60\/uploads\/2023\/05\/11\/645d0fa7541ad.png\" alt=\"Avatar del Ram\u00f3n Cruz Benz\u00e1n\"\/><\/figure>\n\n\n\n<p><em>\u00a0<\/em>Ram\u00f3n Cruz Benz\u00e1n,<strong> Santo Domingo, RD<\/strong><\/p>\n\n\n\n<p>La jueza del Cuarto Juzgado de la Instrucci\u00f3n del Distrito Nacional declar\u00f3 la extinci\u00f3n de la acci\u00f3n penal de varios de los querellantes que depositaron acusaciones particulares contra acusados en&nbsp;<strong>el caso Calamar&nbsp;<\/strong>por supuestamente estafar al Estado dominicano, donde figuran los exministros<strong>&nbsp;Jos\u00e9 Ram\u00f3n Peralta<\/strong>,&nbsp;<strong>Donald Guerrero<\/strong>,&nbsp;<strong>Gonzalo Castillo<\/strong>.<\/p>\n\n\n\n<p>La magistrada Altagracia Ram\u00edrez tom\u00f3 la decisi\u00f3n al considerar que los abogados de las partes querellantes no estaban debidamente representados por los poderes pertinentes y fij\u00f3 la lectura \u00edntegra de la decisi\u00f3n para el 25 de agosto.<\/p>\n\n\n\n<p>De acuerdo al abogado Carlos Escalante, quien representa a\u00a0<strong>Angel Lockward<\/strong>, dijo que se archivaron tres casos que inclu\u00edan a m\u00e1s de noventa querellantes, en total figuran unos 262 querellantes que interpusieron acciones particulares a la acusaci\u00f3n presentada por el ministerio p\u00fablico.<\/p>\n\n\n\n<p>\u201cLa decisi\u00f3n se tom\u00f3 porque las acciones penales fueron \u00abmal promovidas\u00bb, declarando la extinci\u00f3n de la acci\u00f3n penal en estos casos, y uno de los casos archivados inclu\u00eda a ochenta y cinco de estos querellantes.<\/p>\n\n\n\n<p><strong>Lea tambi\u00e9n<\/strong><\/p>\n\n\n\n<p>Asimismo, la jueza dictamin\u00f3 el desistimiento t\u00e1cito conforme al art\u00edculo 134 del&nbsp;<strong>Codigo Procesal Penal<\/strong>&nbsp;al no presentarse, ni presentar querellantes ni poder especial los representados por el abogado Pablo Castillo y Anabel Montalvo Mota, dos abogados que hab\u00edan promovido diversos aplazamientos incluyendo certificados m\u00e9dicos de ambos en la misma audiencia.<\/p>\n\n\n\n<p>El tribunal adem\u00e1s orden\u00f3 el desglose de dos querellados que est\u00e1n en grave estado de enfermedad,&nbsp;<strong>Andr\u00e9s Moya&nbsp;<\/strong>de 86 a\u00f1os, que padece&nbsp;<strong>c\u00e1ncer terminal<\/strong>, y&nbsp;<strong>Parmenio Rodr\u00edguez<\/strong>, quien tiene&nbsp;<strong>c\u00e1ncer de pr\u00f3stata<\/strong>.<\/p>\n\n\n\n<p>Escalante sostuvo que hab\u00edan planteado diversas inadmisibilidades puesto que los querellantes no ten\u00edan derechos registrados en la parcela objeto de pago por parte del Estado y que adem\u00e1s esos querellantes nunca firmaron contratos con el Estado de manera que no pudieron ser \u201cenga\u00f1ados por nadie\u201d.<\/p>\n\n\n\n<p>Manifest\u00f3 que la audiencia se centr\u00f3 en cuestiones de la t\u00e9cnica procesal seguida inicialmente por \u00e9l y apoyada por Carlos Balcacer, las dem\u00e1s barras apoyaron diversos planteamientos que pudieron ser refutados por la nutrida barra de los querellantes.<\/p>\n\n\n\n<p>La querella particular incluye a Amauri Peguero Cabrera, Ana Linda Fernandez de Paola, Andr\u00e9s Guerrero, Belkis Antonia Tejada Mart\u00ednez, Bethania Altagracias Rivas Mart\u00ednez, tercero civilmente demandado, BXT Dominicana, Emir Jos\u00e9 Fernandez de Paolam, Enilda Ortiz Rodriguez, Eylin Arisbel Bautista P\u00e9rez, Felix Benjamin Lima Castillo, Grupo Amerinova, Grupo Bibefe.<\/p>\n\n\n\n<p>Tambi\u00e9n Humberto Alberto Santana D\u00edaz, Jos\u00e9 Agustin Mota N\u00fa\u00f1ez, Juana Lidia Cedano, Luis Antonio Peguero Cabrera, Merido de Jes\u00fas Torres Espinal, Natalia Cesarina Beltr\u00e9, Oscar Ram\u00f3n Ortiz de la Rosa, Pedro Mar\u00eda de la Altagracia Veras, Prominex Multiservicios, Rafael Antonio del Rosario Castro, entre otros.<\/p>\n\n\n\n<p>Cabe destacar que esa misma jueza conoce el juicio preliminar seguido en contra de los exministros Jos\u00e9 Ram\u00f3n Peralta, Donald Guerrero, Gonzalo Castillo y otros implicados en el sonado caso.<\/p>\n\n\n\n<p>Entre los acusados tambi\u00e9n figuran Daniel Omar Caama\u00f1o, excontralor general de la Rep\u00fablica; Luis Miguel Pichirilo, exdirector del&nbsp;<strong>Consejo Estatal del Az\u00facar<\/strong>&nbsp;(<strong>CEA<\/strong>); Claudio Silver Pe\u00f1a, exdirector de Catastro Nacional; \u00d3scar Chalas Guerrero y Juli\u00e1n Omar Fern\u00e1ndez, exdirectores de Casinos y Juegos de Azar, respectivamente.<\/p>\n\n\n\n<p>El caso ha generado una fuerte atenci\u00f3n p\u00fablica debido a que el Ministerio P\u00fablico acusa a los implicados de desviar millones de pesos mediante pagos irregulares por expropiaciones de terrenos y sobornos relacionados con la campa\u00f1a pol\u00edtica del 2020.<\/p>\n\n\n\n<p>La Procuradur\u00eda Especializada de Persecuci\u00f3n de la Corrupci\u00f3n Administrativa (<strong>Pepca<\/strong>) busca en el tribunal establecer responsabilidades de los implicados en la de la presunta red de&nbsp;<strong>corrupci\u00f3n&nbsp;<\/strong>y los beneficiarios finales de los recursos sustra\u00eddos.<\/p>\n","protected":false},"excerpt":{"rendered":"<p>Por supuestamente estafar al Estado dominicano, figuran los exministros Jos\u00e9 Ram\u00f3n Peralta, Donald Guerrero, Gonzalo<\/p>\n","protected":false},"author":1,"featured_media":17952,"comment_status":"open","ping_status":"open","sticky":false,"template":"","format":"standard","meta":{"footnotes":""},"categories":[12],"tags":[],"class_list":["post-17951","post","type-post","status-publish","format-standard","has-post-thumbnail","hentry","category-nacionales"],"_links":{"self":[{"href":"https:\/\/samantharadionline.com\/index.php\/wp-json\/wp\/v2\/posts\/17951","targetHints":{"allow":["GET"]}}],"collection":[{"href":"https:\/\/samantharadionline.com\/index.php\/wp-json\/wp\/v2\/posts"}],"about":[{"href":"https:\/\/samantharadionline.com\/index.php\/wp-json\/wp\/v2\/types\/post"}],"author":[{"embeddable":true,"href":"https:\/\/samantharadionline.com\/index.php\/wp-json\/wp\/v2\/users\/1"}],"replies":[{"embeddable":true,"href":"https:\/\/samantharadionline.com\/index.php\/wp-json\/wp\/v2\/comments?post=17951"}],"version-history":[{"count":1,"href":"https:\/\/samantharadionline.com\/index.php\/wp-json\/wp\/v2\/posts\/17951\/revisions"}],"predecessor-version":[{"id":17953,"href":"https:\/\/samantharadionline.com\/index.php\/wp-json\/wp\/v2\/posts\/17951\/revisions\/17953"}],"wp:featuredmedia":[{"embeddable":true,"href":"https:\/\/samantharadionline.com\/index.php\/wp-json\/wp\/v2\/media\/17952"}],"wp:attachment":[{"href":"https:\/\/samantharadionline.com\/index.php\/wp-json\/wp\/v2\/media?parent=17951"}],"wp:term":[{"taxonomy":"category","embeddable":true,"href":"https:\/\/samantharadionline.com\/index.php\/wp-json\/wp\/v2\/categories?post=17951"},{"taxonomy":"post_tag","embeddable":true,"href":"https:\/\/samantharadionline.com\/index.php\/wp-json\/wp\/v2\/tags?post=17951"}],"curies":[{"name":"wp","href":"https:\/\/api.w.org\/{rel}","templated":true}]}}