{"id":17947,"date":"2025-08-04T21:02:31","date_gmt":"2025-08-05T01:02:31","guid":{"rendered":"https:\/\/samantharadionline.com\/?p=17947"},"modified":"2025-08-04T21:02:32","modified_gmt":"2025-08-05T01:02:32","slug":"presidente-le-responde-a-danilo-lo-insta-a-revisar-las-estadisticas-reales","status":"publish","type":"post","link":"https:\/\/samantharadionline.com\/index.php\/2025\/08\/04\/presidente-le-responde-a-danilo-lo-insta-a-revisar-las-estadisticas-reales\/","title":{"rendered":"Presidente le responde a Danilo; lo insta a \u201crevisar las estad\u00edsticas reales\u201d"},"content":{"rendered":"\n<p class=\"has-medium-font-size\">\u00a0<em>Si Medina hubiera conocido el estado de las aulas en construcci\u00f3n que fueron entregadas de su gobierno al presidente actual en el agosto del 2020, no hubiera emitido esas declaraciones<\/em><\/p>\n\n\n\n<figure class=\"wp-block-image\"><img decoding=\"async\" src=\"https:\/\/listindiario.com\/files\/image_60_60\/uploads\/2023\/05\/16\/64638cfd2419c.jpeg\" alt=\"Avatar del Javier Flores\"\/><\/figure>\n\n\n\n<p><em>\u00a0<\/em>Javier Flores, <strong>Santo Domingo, RD<\/strong><\/p>\n\n\n\n<p>El presidente Luis Abinader inst\u00f3 al exmandatario Danilo Medina, a los opositores del Gobierno, a \u201crevisar las estad\u00edsticas reales\u201d antes de realizar una declaraci\u00f3n ante los medios de comunicaci\u00f3n con relaci\u00f3n a una posible problem\u00e1tica.<\/p>\n\n\n\n<p>Al responder sobre las declaraciones realizadas por el presidente del Partido de la Liberaci\u00f3n Dominicana (PLD), calific\u00f3 como\u00a0<strong>un grave retroceso la decisi\u00f3n del actual gobierno\u00a0<\/strong>de no completar m\u00e1s de\u00a0<strong>11,000 aulas dejadas<\/strong>\u00a0pr\u00e1cticamente listas por su gesti\u00f3n, Abinader manifest\u00f3 que Medina debe de solicitarle a su equipo la informaci\u00f3n precisa.<\/p>\n\n\n\n<p>\u201cPorque si usted va y pide ver las informaciones ver\u00e1 que nosotros&nbsp;<strong>hemos implementado 800 nuevas escuelas<\/strong>&nbsp;y liceos, lo hemos integrado al sistema de la jornada extendida; eso significa&nbsp;<strong>unos 206,000 estudiantes&nbsp;<\/strong>aproximadamente que en nuestra administraci\u00f3n se han integrado a la jornada extendida\u201d, manifest\u00f3 el mandatario.<\/p>\n\n\n\n<p>Abinader se\u00f1al\u00f3 que si Medina hubiera conocido el estado de las aulas en construcci\u00f3n que fueron entregadas de su gobierno al presidente actual en el agosto del 2020, no hubiera emitido esas declaraciones.<\/p>\n\n\n\n<p>\u201cYo estoy seguro tambi\u00e9n que el&nbsp;<strong>expresidente Medina<\/strong>&nbsp;ni conoce ahora ni conoci\u00f3, porque yo s\u00e9 que si \u00e9l se hubiera dado cuenta que todas esas aulas, que creo que son mucho menos de lo que se dice, ten\u00edan, cuando nos entregaron el Gobierno, en promedio m\u00e1s de tres a\u00f1os detenidas por problemas legales y problemas t\u00e9cnicos. Estoy seguro que si hubiese conocido esa informaci\u00f3n, no hubiese dado esas declaraciones\u201d, expres\u00f3 el gobernante.<\/p>\n\n\n\n<p>Al ser abordado por periodistas tras participar en una Asamblea con dirigentes del PLD en La Vega, Medina dijo que hay falta de continuidad en la inversi\u00f3n educativa y advierte sobre el impacto social y cognitivo de excluir a los m\u00e1s pobres del modelo de jornada escolar extendida; adem\u00e1s, deplor\u00f3 que se est\u00e9 desmontando un modelo que fue concebido para igualar oportunidades entre ni\u00f1os de sectores empobrecidos y aquellos de clases media y alta.<\/p>\n","protected":false},"excerpt":{"rendered":"<p>\u00a0Si Medina hubiera conocido el estado de las aulas en construcci\u00f3n que fueron entregadas de<\/p>\n","protected":false},"author":1,"featured_media":17948,"comment_status":"open","ping_status":"open","sticky":false,"template":"","format":"standard","meta":{"footnotes":""},"categories":[12],"tags":[],"class_list":["post-17947","post","type-post","status-publish","format-standard","has-post-thumbnail","hentry","category-nacionales"],"_links":{"self":[{"href":"https:\/\/samantharadionline.com\/index.php\/wp-json\/wp\/v2\/posts\/17947","targetHints":{"allow":["GET"]}}],"collection":[{"href":"https:\/\/samantharadionline.com\/index.php\/wp-json\/wp\/v2\/posts"}],"about":[{"href":"https:\/\/samantharadionline.com\/index.php\/wp-json\/wp\/v2\/types\/post"}],"author":[{"embeddable":true,"href":"https:\/\/samantharadionline.com\/index.php\/wp-json\/wp\/v2\/users\/1"}],"replies":[{"embeddable":true,"href":"https:\/\/samantharadionline.com\/index.php\/wp-json\/wp\/v2\/comments?post=17947"}],"version-history":[{"count":1,"href":"https:\/\/samantharadionline.com\/index.php\/wp-json\/wp\/v2\/posts\/17947\/revisions"}],"predecessor-version":[{"id":17949,"href":"https:\/\/samantharadionline.com\/index.php\/wp-json\/wp\/v2\/posts\/17947\/revisions\/17949"}],"wp:featuredmedia":[{"embeddable":true,"href":"https:\/\/samantharadionline.com\/index.php\/wp-json\/wp\/v2\/media\/17948"}],"wp:attachment":[{"href":"https:\/\/samantharadionline.com\/index.php\/wp-json\/wp\/v2\/media?parent=17947"}],"wp:term":[{"taxonomy":"category","embeddable":true,"href":"https:\/\/samantharadionline.com\/index.php\/wp-json\/wp\/v2\/categories?post=17947"},{"taxonomy":"post_tag","embeddable":true,"href":"https:\/\/samantharadionline.com\/index.php\/wp-json\/wp\/v2\/tags?post=17947"}],"curies":[{"name":"wp","href":"https:\/\/api.w.org\/{rel}","templated":true}]}}