{"id":17931,"date":"2025-08-04T16:11:17","date_gmt":"2025-08-04T20:11:17","guid":{"rendered":"https:\/\/samantharadionline.com\/?p=17931"},"modified":"2025-08-04T16:11:18","modified_gmt":"2025-08-04T20:11:18","slug":"educacion-se-niega-a-reducir-jornada-escolar-extendida","status":"publish","type":"post","link":"https:\/\/samantharadionline.com\/index.php\/2025\/08\/04\/educacion-se-niega-a-reducir-jornada-escolar-extendida\/","title":{"rendered":"Educaci\u00f3n se niega a reducir Jornada Escolar Extendida"},"content":{"rendered":"\n<p class=\"has-medium-font-size\"><em>\u00abEn aquellos centros donde no exista disponibilidad de cupo en determinados grados, se ha instruido la formaci\u00f3n de dos tandas \u00bb dice parte de la carta\u00a0<\/em><\/p>\n\n\n\n<figure class=\"wp-block-image\"><img decoding=\"async\" src=\"https:\/\/listindiario.com\/files\/image_60_60\/uploads\/2023\/05\/16\/64637a1e3ff38.jpeg\" alt=\"Avatar del \u00c1ngel Valdez\"\/><\/figure>\n\n\n\n<p><em>\u00a0<\/em>\u00c1ngel Valdez, <strong>Santo Domingo, RD.\u00a0<\/strong><\/p>\n\n\n\n<p>El Ministerio de Educaci\u00f3n (Minerd) neeg\u00f3 este lunes que pretenda eliminar la Jornada Escolar Extendida, pese a la circulaci\u00f3n de una carta \u201coficial\u201d firmada por la Direcci\u00f3n Regional de Educaci\u00f3n 04, instruyendo la aplicaci\u00f3n de dos tandas.<\/p>\n\n\n\n<p>La directora de Comunicaciones del Minerd, Yahaira Brea, se uni\u00f3 a las declaraciones ofrecidas el pasado s\u00e1bado por el director regional de San Crist\u00f3bal, M\u00e1ximo Castillo Castillo, quien neg\u00f3, de manera enf\u00e1tica, esta versi\u00f3n confirmada por algunos maestros.&nbsp;<\/p>\n\n\n\n<p>Brea, durante una conversaci\u00f3n con reporteros del List\u00edn Diario, neg\u00f3 la versi\u00f3n, sin ofrecer mayores detalles al respecto.&nbsp;<\/p>\n\n\n\n<p>Mientras que Castillo, quien figura firmando el comunicado,&nbsp; aclar\u00f3 que se est\u00e1n reorganizando espacios para facilitar la asistencia de todos los alumnos, permitiendo ofrecer los servicios educativos en condiciones \u00f3ptimas.<\/p>\n\n\n\n<h3 class=\"wp-block-heading\">\u201cEliminar la Jornada Extendida\u201d<\/h3>\n\n\n\n<p>El Partido de la Liberaci\u00f3n Dominicana (PLD) continu\u00f3 deplorando este lunes las acciones gubernamentales, mostrando la carta firmada supuestamente por el director del Distrito Educativo 04-03, situado en San Crist\u00f3bal, en la cual le pide a quienes dirigen las escuelas de ese municipio aplicar una&nbsp;<strong>formaci\u00f3n de dos tandas<\/strong>&nbsp;para garantizar el ingreso de los estudiantes.<\/p>\n\n\n\n<p>Esto asegurar\u00eda, seg\u00fan dispone el texto, que los menores de edad puedan acceder a la matr\u00edcula, sin impedimento por \u201crazones de capacidad f\u00edsica o administrativa\u201d.<\/p>\n\n\n\n<p>\u201cEn aquellos centros&nbsp;<strong>donde no exista disponibilidad de cupo en determinados grados, se ha instruido la formaci\u00f3n de dos tandas<\/strong>&nbsp;como medida para garantizar el ingreso de todos los estudiantes que soliciten matr\u00edcula. Esta acci\u00f3n busca asegurar el derecho de cada ni\u00f1o, ni\u00f1a y adolescente a una educaci\u00f3n digna sin exclusiones por razones de capacidad f\u00edsica o administrativa\u201d, versa la misiva emitida el pasado 16 de julio, compartida en una rueda de prensa por el exministro Melanio Paredes y el expresidente de la Asociaci\u00f3n Dominicana de Profesores (ADP), Radham\u00e9s Camacho.<\/p>\n\n\n\n<p>Sin embargo, el Minerd&nbsp; junto a la Direcci\u00f3n Regional, reiter\u00f3 que esta informaci\u00f3n no es cierta.<\/p>\n\n\n\n<figure class=\"wp-block-image\" id=\"m6871-6870-6872\"><img decoding=\"async\" src=\"https:\/\/listindiario.com\/files\/vertical_main_image\/uploads\/2025\/08\/04\/6890fa8a8ddfc.jpeg\" alt=\"Carta firmada por la Direcci\u00f3n Regional de 04-03\"\/><figcaption class=\"wp-element-caption\">Carta firmada por la Direcci\u00f3n Regional de 04-03Fuente externa<\/figcaption><\/figure>\n\n\n\n<h3 class=\"wp-block-heading\">\u201cProteger conquista\u201d<\/h3>\n\n\n\n<p>La ADP, presidida por Eduardo Hidalgo, consider\u00f3 que la tanda extendida es una conquista, la cual no debe ser sacrificada.<\/p>\n\n\n\n<p>En lo referente a la falta de espacio para cubrir la demanda de inscripci\u00f3n de estudiantes, la ADP propone que se utilicen otras alternativas que no resulten en la eliminaci\u00f3n de este mecanismo de ense\u00f1anza.<\/p>\n\n\n\n<p>\u201cComo por ejemplo: ubicar espacios disponibles en esas comunidades que se puedan alquilar. La tanda extendida fue un logro del sistema para que los ni\u00f1os tengan acceso a una educaci\u00f3n integral, a la vez que ofrece una alternativa econ\u00f3mica a las familias dominicanas\u201d, sugiri\u00f3 a trav\u00e9s de nota de prensa enviada a los medios de comunicaci\u00f3n.<\/p>\n\n\n\n<h3 class=\"wp-block-heading\">Propuestas de la oposici\u00f3n<\/h3>\n\n\n\n<p>Restando alrededor de 20 d\u00edas para el comienzo del a\u00f1o escolar 2025-2026, organizaciones pol\u00edticas opositoras contin\u00faan denunciando la falta de cupos para los alumnos dominicanos. En esta ocasi\u00f3n, el Partido de la Liberaci\u00f3n Dominicana (PLD) present\u00f3 una serie de medidas que podr\u00edan atender a los reclamos de la \u201cciudadan\u00eda\u201d.<\/p>\n\n\n\n<p>&#8211; Un plan de emergencia para garantizar la inscripci\u00f3n de los estudiantes.<\/p>\n\n\n\n<p>&#8211; Detener de manera inmediata los aprestos para unificar el Minerd y Ministerio de Educaci\u00f3n Superior, Ciencia y Tecnolog\u00eda (Mescyt).<\/p>\n\n\n\n<p>&#8211; Transparencia total en los recursos del Instituto Nacional de Bienestar Estudiantil (Inabie).<\/p>\n\n\n\n<p>&#8211; Garantizar la aplicaci\u00f3n de la evaluaci\u00f3n del desempe\u00f1o a los maestros y maestras.<\/p>\n\n\n\n<p>&#8211; Presentar un plan de construcci\u00f3n escolar con un cronograma p\u00fablico al que podamos dar seguimiento para completar las miles de aulas abandonadas.<\/p>\n\n\n\n<p>&#8211; Cumplir con los compromisos del Pacto Educativo, que incluye la universalizaci\u00f3n de la Jornada Escolar Extendida.<\/p>\n\n\n\n<p>\u00abNo vamos a permitir que destruyan el futuro de nuestros ni\u00f1os. Las familias dominicanas no merecen esta angustia, los ni\u00f1os dominicanos no merecen este abandono\u00bb, concluy\u00f3 diciendo Paredes en el encuentro con la prensa desarrollado en la Casa Nacional del PLD.<\/p>\n\n\n\n<p>El presidente del<strong>&nbsp;Partido de la Liberaci\u00f3n Dominicana (PLD)<\/strong>&nbsp;dijo que hay falta de continuidad en la inversi\u00f3n educativa y advierte sobre el impacto social y cognitivo de excluir a los m\u00e1s pobres del&nbsp;<strong>modelo de jornada escolar extendida<\/strong>.<\/p>\n\n\n\n<p>El tambi\u00e9n expresidente de la Rep\u00fablica\u00a0<strong>Danilo Medina\u00a0<\/strong>calific\u00f3 como un grave retroceso la decisi\u00f3n del actual gobierno de no completar m\u00e1s de<strong>\u00a011,000 aulas dejadas pr\u00e1cticamente<\/strong>\u00a0<strong>listas\u00a0<\/strong>por su gesti\u00f3n, y advirti\u00f3 sobre el impacto social de eliminar la tanda escolar extendida como pol\u00edtica educativa.<\/p>\n\n\n\n<p>Al ser abordado por periodistas tras participar en una Asamblea con dirigentes del PLD en&nbsp;<strong>La Vega<\/strong>, Medina deplor\u00f3 que se est\u00e9 desmontando un modelo que fue concebido para igualar oportunidades entre ni\u00f1os de sectores empobrecidos y aquellos de clases media y alta.<\/p>\n\n\n\n<p>\u201cEs lamentable que, por no darle continuidad al Estado, once mil ( 11 mil)&nbsp;<strong>aulas&nbsp;<\/strong>que dejamos pr\u00e1cticamente a punto de terminar, no se hayan terminado. Y que ahora tengamos la necesidad de cambiar el modelo de<strong>&nbsp;tanda extendida<\/strong>&nbsp;por un modelo de dos tandas para poder hacer espacio a los que no pueden ingresar a la&nbsp;<strong>escuela<\/strong>. Eso es criminal\u201d, expres\u00f3 el l\u00edder pelede\u00edsta.<\/p>\n\n\n\n<p>Medina explic\u00f3 que la&nbsp;<strong>tanda extendida&nbsp;<\/strong>no s\u00f3lo ten\u00eda como objetivo ampliar el horario escolar, sino servir como una herramienta de justicia social y apoyo econ\u00f3mico para las familias vulnerables, especialmente las madres solteras.<\/p>\n\n\n\n<p>Agreg\u00f3 que existen estudios que prueban c\u00f3mo la&nbsp;<strong>falta de nutrici\u00f3n&nbsp;<\/strong>adecuada en los primeros cinco a\u00f1os de vida afecta el desarrollo del cerebro infantil y, por tanto, la<strong>&nbsp;capacidad de aprendizaje<\/strong>, creando brechas profundas entre los estudiantes seg\u00fan su nivel socioecon\u00f3mico.<\/p>\n\n\n\n<p>\u201cLa&nbsp;<strong>tanda extendida&nbsp;<\/strong>buscaba nivelar a los pobres con los ni\u00f1os de clase media y de clase alta para tener un sistema m\u00e1s uniforme en el pa\u00eds\u201d, subray\u00f3.<\/p>\n\n\n\n<blockquote class=\"wp-block-quote is-layout-flow wp-block-quote-is-layout-flow\">\n<p><a href=\"https:\/\/twitter.com\/DIGICOMPLD\/status\/1952153600454447316\"><\/a><\/p>\n<\/blockquote>\n\n\n\n<p>En otro orden, al referirse a la necesidad hist\u00f3rica de construir una presa en La Vega, Medina reconoci\u00f3 la importancia del proyecto para la agricultura y el abastecimiento de agua potable, pero advirti\u00f3 que hay sectores que intentan apropiarse pol\u00edticamente de esa demanda colectiva.<\/p>\n\n\n\n<p><strong>\u201cLa Vega siempre lo ha demandado&nbsp;<\/strong>como una necesidad para la agricultura y el agua potable\u201d, precis\u00f3.<\/p>\n\n\n\n<p>En el discurso central del acto&nbsp;<strong>Danilo Medina<\/strong>&nbsp;ofreci\u00f3 plana seguridades de que el PLD volver\u00e1 a Gobernar, reiterando lo que se dice en ciudade y campos, que \u201cCon el PLD se viv\u00eda Mejor\u201d<\/p>\n\n\n\n<p>El presidente pelede\u00edsta exhort\u00f3 a los asistentes y a la membres\u00eda peledeistas a presentar la obra de gobierno del PLD, garant\u00eda del seguro triunfo, recordando que el Partido de la Liberaci\u00f3n Dominicana ha tenido un color \u00fanico, el morado con una estrella amarilla.<\/p>\n","protected":false},"excerpt":{"rendered":"<p>\u00abEn aquellos centros donde no exista disponibilidad de cupo en determinados grados, se ha instruido<\/p>\n","protected":false},"author":1,"featured_media":17932,"comment_status":"open","ping_status":"open","sticky":false,"template":"","format":"standard","meta":{"footnotes":""},"categories":[12],"tags":[],"class_list":["post-17931","post","type-post","status-publish","format-standard","has-post-thumbnail","hentry","category-nacionales"],"_links":{"self":[{"href":"https:\/\/samantharadionline.com\/index.php\/wp-json\/wp\/v2\/posts\/17931","targetHints":{"allow":["GET"]}}],"collection":[{"href":"https:\/\/samantharadionline.com\/index.php\/wp-json\/wp\/v2\/posts"}],"about":[{"href":"https:\/\/samantharadionline.com\/index.php\/wp-json\/wp\/v2\/types\/post"}],"author":[{"embeddable":true,"href":"https:\/\/samantharadionline.com\/index.php\/wp-json\/wp\/v2\/users\/1"}],"replies":[{"embeddable":true,"href":"https:\/\/samantharadionline.com\/index.php\/wp-json\/wp\/v2\/comments?post=17931"}],"version-history":[{"count":1,"href":"https:\/\/samantharadionline.com\/index.php\/wp-json\/wp\/v2\/posts\/17931\/revisions"}],"predecessor-version":[{"id":17933,"href":"https:\/\/samantharadionline.com\/index.php\/wp-json\/wp\/v2\/posts\/17931\/revisions\/17933"}],"wp:featuredmedia":[{"embeddable":true,"href":"https:\/\/samantharadionline.com\/index.php\/wp-json\/wp\/v2\/media\/17932"}],"wp:attachment":[{"href":"https:\/\/samantharadionline.com\/index.php\/wp-json\/wp\/v2\/media?parent=17931"}],"wp:term":[{"taxonomy":"category","embeddable":true,"href":"https:\/\/samantharadionline.com\/index.php\/wp-json\/wp\/v2\/categories?post=17931"},{"taxonomy":"post_tag","embeddable":true,"href":"https:\/\/samantharadionline.com\/index.php\/wp-json\/wp\/v2\/tags?post=17931"}],"curies":[{"name":"wp","href":"https:\/\/api.w.org\/{rel}","templated":true}]}}