{"id":17928,"date":"2025-08-04T16:07:52","date_gmt":"2025-08-04T20:07:52","guid":{"rendered":"https:\/\/samantharadionline.com\/?p=17928"},"modified":"2025-08-04T16:07:53","modified_gmt":"2025-08-04T20:07:53","slug":"cierran-embajada-de-estados-unidos-por-tiroteos-en-haiti","status":"publish","type":"post","link":"https:\/\/samantharadionline.com\/index.php\/2025\/08\/04\/cierran-embajada-de-estados-unidos-por-tiroteos-en-haiti\/","title":{"rendered":"Cierran embajada de Estados Unidos por tiroteos en Hait\u00ed"},"content":{"rendered":"\n<p class=\"has-medium-font-size\"><em>\u00a0Hait\u00ed sumido en su mas grave crisis pol\u00edtica<\/em><\/p>\n\n\n\n<figure class=\"wp-block-image\"><img decoding=\"async\" src=\"https:\/\/listindiario.com\/files\/image_60_60\/uploads\/2025\/06\/12\/684b39171bfd7.jpeg\" alt=\"Avatar del Agencia AFP\"\/><\/figure>\n\n\n\n<p><em>\u00a0<\/em>Agencia AFP, <strong>Washington, Estados Unidos<\/strong><\/p>\n\n\n\n<p><strong>Estados Unidos&nbsp;<\/strong>anunci\u00f3 este lunes que cerr\u00f3 su embajada en&nbsp;<strong>Hait\u00ed&nbsp;<\/strong>y confin\u00f3 a los empleados en el interior del recinto debido a tiroteos cerca de&nbsp;<strong>Puerto Pr\u00edncipe<\/strong>, la capital del pa\u00eds caribe\u00f1o.<\/p>\n\n\n\n<p>El pa\u00eds m\u00e1s pobre de<strong>&nbsp;Am\u00e9rica Latina&nbsp;<\/strong>y&nbsp;<strong>el Caribe<\/strong>&nbsp;est\u00e1 sumido en una crisis pol\u00edtica y en una ola de violencia de grupos armados a la que intenta poner fin una misi\u00f3n internacional de apoyo a la seguridad liderada por&nbsp;<strong>Kenia<\/strong>.<\/p>\n\n\n\n<p>\u00abEl personal del gobierno estadounidense ha suspendido todos los movimientos oficiales fuera del complejo de la embajada\u00bb, declar\u00f3 el Departamento de Estado en un mensaje de alerta en la red social X.<\/p>\n\n\n\n<p>Hay \u00abintensos tiroteos en el barrio de Tabarre, cerca de la embajada\u00bb, afirma, y recomienda la poblaci\u00f3n evitar la zona.<\/p>\n\n\n\n<p>Tabarre es un municipio situado cerca del aeropuerto de Puerto Pr\u00edncipe, al noreste de la capital haitiana.<\/p>\n\n\n\n<p>Al menos 3,141 personas fueron asesinadas en el pa\u00eds entre el 1 de enero y el 30 de junio, advirti\u00f3 en julio el Alto comisionado de las Naciones Unidas para los derechos humanos.<\/p>\n","protected":false},"excerpt":{"rendered":"<p>\u00a0Hait\u00ed sumido en su mas grave crisis pol\u00edtica \u00a0Agencia AFP, Washington, Estados Unidos Estados Unidos&nbsp;anunci\u00f3<\/p>\n","protected":false},"author":1,"featured_media":17929,"comment_status":"open","ping_status":"open","sticky":false,"template":"","format":"standard","meta":{"footnotes":""},"categories":[4],"tags":[],"class_list":["post-17928","post","type-post","status-publish","format-standard","has-post-thumbnail","hentry","category-mundiales"],"_links":{"self":[{"href":"https:\/\/samantharadionline.com\/index.php\/wp-json\/wp\/v2\/posts\/17928","targetHints":{"allow":["GET"]}}],"collection":[{"href":"https:\/\/samantharadionline.com\/index.php\/wp-json\/wp\/v2\/posts"}],"about":[{"href":"https:\/\/samantharadionline.com\/index.php\/wp-json\/wp\/v2\/types\/post"}],"author":[{"embeddable":true,"href":"https:\/\/samantharadionline.com\/index.php\/wp-json\/wp\/v2\/users\/1"}],"replies":[{"embeddable":true,"href":"https:\/\/samantharadionline.com\/index.php\/wp-json\/wp\/v2\/comments?post=17928"}],"version-history":[{"count":1,"href":"https:\/\/samantharadionline.com\/index.php\/wp-json\/wp\/v2\/posts\/17928\/revisions"}],"predecessor-version":[{"id":17930,"href":"https:\/\/samantharadionline.com\/index.php\/wp-json\/wp\/v2\/posts\/17928\/revisions\/17930"}],"wp:featuredmedia":[{"embeddable":true,"href":"https:\/\/samantharadionline.com\/index.php\/wp-json\/wp\/v2\/media\/17929"}],"wp:attachment":[{"href":"https:\/\/samantharadionline.com\/index.php\/wp-json\/wp\/v2\/media?parent=17928"}],"wp:term":[{"taxonomy":"category","embeddable":true,"href":"https:\/\/samantharadionline.com\/index.php\/wp-json\/wp\/v2\/categories?post=17928"},{"taxonomy":"post_tag","embeddable":true,"href":"https:\/\/samantharadionline.com\/index.php\/wp-json\/wp\/v2\/tags?post=17928"}],"curies":[{"name":"wp","href":"https:\/\/api.w.org\/{rel}","templated":true}]}}