{"id":17922,"date":"2025-08-04T15:57:53","date_gmt":"2025-08-04T19:57:53","guid":{"rendered":"https:\/\/samantharadionline.com\/?p=17922"},"modified":"2025-08-04T15:57:54","modified_gmt":"2025-08-04T19:57:54","slug":"con-nuevo-codigo-penal-presidente-abinader-inaugura-una-nueva-epoca-juridica-en-republica-dominicana","status":"publish","type":"post","link":"https:\/\/samantharadionline.com\/index.php\/2025\/08\/04\/con-nuevo-codigo-penal-presidente-abinader-inaugura-una-nueva-epoca-juridica-en-republica-dominicana\/","title":{"rendered":"\u00a0\u201cCon nuevo C\u00f3digo Penal, presidente Abinader inaugura una nueva \u00e9poca jur\u00eddica en Rep\u00fablica Dominicana\u00bb"},"content":{"rendered":"\n<p class=\"has-medium-font-size\"><em>Jos\u00e9 Liz, Afirma que es \u201cUna respuesta firme a los desaf\u00edos de la justicia y la seguridad ciudadana, poniendo a disposici\u00f3n del ministerio p\u00fablico y al poder Judicial herramientas Jur\u00eddicas nuevas\u201d<\/em><\/p>\n\n\n\n<p><strong>Santo Domingo Este<\/strong><\/p>\n\n\n\n<p>El dirigente del Partido Revolucionario Moderno (PRM) y ex diputado al Parlamento Centroamericano (Parlacen), Jos\u00e9 Liz, ponder\u00f3 el liderazgo responsable y visionario del presidente de la Rep\u00fablica, Luis Abinader, al promulgar el nuevo C\u00f3digo Penal de la Rep\u00fablica Dominicana, una pieza legal hist\u00f3rica que sustituye al vigente desde 1884 y que responde a los nuevos desaf\u00edos de la justicia penal, la seguridad ciudadana y el fortalecimiento institucional.<\/p>\n\n\n\n<p>Liz sostuvo que este nuevo marco normativo representa un paso firme y trascendental para enfrentar la corrupci\u00f3n administrativa, al dedicarle un t\u00edtulo completo con cap\u00edtulos, secciones y subsecciones, lo que a su juicio demuestra el compromiso real del Gobierno con la transparencia, la rendici\u00f3n de cuentas y la \u00e9tica en la funci\u00f3n p\u00fablica.<\/p>\n\n\n\n<p>\u201cEl nuevo C\u00f3digo Penal no es solo una reforma legal, es una respuesta directa a una necesidad y una demanda de la sociedad dominicana. Por primera vez en nuestra historia, desde 1844, la Rep\u00fablica Dominicana contar\u00e1 con un C\u00f3digo Penal concebido en consonancia con su realidad, dejando atr\u00e1s un legado napole\u00f3nico que data de 1810\u201d, expres\u00f3 el dirigente pol\u00edtico.<\/p>\n\n\n\n<p>Jos\u00e9 Liz tambi\u00e9n calific\u00f3 de valientes y decididos a los presidentes del Senado, Ricardo de los Santos, y de la C\u00e1mara de Diputados, Alfredo Pacheco, \u201cquienes lideraron con altura y firmeza las discusiones legislativas que permitieron su aprobaci\u00f3n, junto a los senadores, diputados comisionados y los plenos de ambas c\u00e1maras\u201d.<\/p>\n\n\n\n<p>El exparlamentario destac\u00f3 que esta reforma coloca a la Rep\u00fablica Dominicana a la vanguardia en materia de justicia penal, al combinar un enfoque preventivo y resocializador con herramientas modernas para enfrentar la criminalidad organizada y garantizar la protecci\u00f3n efectiva de las v\u00edctimas.<\/p>\n\n\n\n<p>Entre los avances m\u00e1s significativos del nuevo C\u00f3digo, Liz subray\u00f3 la incorporaci\u00f3n y tipificaci\u00f3n de cr\u00edmenes que antes no contaban con un tratamiento legal claro, como el sicariato, el feminicidio, el genocidio, el acoso laboral y sexual, as\u00ed como los cr\u00edmenes de lesa humanidad.<\/p>\n\n\n\n<p>Asimismo, valor\u00f3 la implementaci\u00f3n de un r\u00e9gimen de c\u00famulo de penas, lo que permitir\u00e1 mayor proporcionalidad en la sanci\u00f3n de delitos m\u00faltiples y enviar\u00e1 un mensaje inequ\u00edvoco de que el crimen no quedar\u00e1 impune, fortaleciendo as\u00ed la confianza de la ciudadan\u00eda en el sistema de justicia.<\/p>\n\n\n\n<p>\u201cEstamos frente a una pieza legal que, m\u00e1s all\u00e1 de sancionar, reconoce que la seguridad ciudadana es una responsabilidad compartida entre el Estado y la sociedad, y apuesta por la prevenci\u00f3n y la resocializaci\u00f3n como pilares fundamentales\u201d, afirm\u00f3 Liz.<\/p>\n\n\n\n<p>El dirigente del PRM tambi\u00e9n resalt\u00f3 el fortalecimiento del combate contra la corrupci\u00f3n, al ampliarse los plazos de prescripci\u00f3n, endurecerse las sanciones e inhabilitar a los responsables para ocupar funciones p\u00fablicas.<\/p>\n\n\n\n<p>De igual modo, consider\u00f3 como un avance trascendental la extensi\u00f3n de los plazos de prescripci\u00f3n de delitos sexuales contra menores de edad y personas vulnerables hasta los 30 a\u00f1os, contados desde que la v\u00edctima alcanza la mayor\u00eda de edad.<\/p>\n\n\n\n<p>\u201cEsta reforma legal representa un verdadero hito en nuestra historia jur\u00eddica. Con voluntad pol\u00edtica, visi\u00f3n institucional y coraje legislativo, estamos dotando al pa\u00eds de un C\u00f3digo Penal moderno, humano, justo y funcional, que responde a los retos del presente y del futuro\u201d, concluy\u00f3&nbsp;Jos\u00e9&nbsp;Liz.<\/p>\n","protected":false},"excerpt":{"rendered":"<p>Jos\u00e9 Liz, Afirma que es \u201cUna respuesta firme a los desaf\u00edos de la justicia y<\/p>\n","protected":false},"author":1,"featured_media":17923,"comment_status":"open","ping_status":"open","sticky":false,"template":"","format":"standard","meta":{"footnotes":""},"categories":[12],"tags":[],"class_list":["post-17922","post","type-post","status-publish","format-standard","has-post-thumbnail","hentry","category-nacionales"],"_links":{"self":[{"href":"https:\/\/samantharadionline.com\/index.php\/wp-json\/wp\/v2\/posts\/17922","targetHints":{"allow":["GET"]}}],"collection":[{"href":"https:\/\/samantharadionline.com\/index.php\/wp-json\/wp\/v2\/posts"}],"about":[{"href":"https:\/\/samantharadionline.com\/index.php\/wp-json\/wp\/v2\/types\/post"}],"author":[{"embeddable":true,"href":"https:\/\/samantharadionline.com\/index.php\/wp-json\/wp\/v2\/users\/1"}],"replies":[{"embeddable":true,"href":"https:\/\/samantharadionline.com\/index.php\/wp-json\/wp\/v2\/comments?post=17922"}],"version-history":[{"count":1,"href":"https:\/\/samantharadionline.com\/index.php\/wp-json\/wp\/v2\/posts\/17922\/revisions"}],"predecessor-version":[{"id":17924,"href":"https:\/\/samantharadionline.com\/index.php\/wp-json\/wp\/v2\/posts\/17922\/revisions\/17924"}],"wp:featuredmedia":[{"embeddable":true,"href":"https:\/\/samantharadionline.com\/index.php\/wp-json\/wp\/v2\/media\/17923"}],"wp:attachment":[{"href":"https:\/\/samantharadionline.com\/index.php\/wp-json\/wp\/v2\/media?parent=17922"}],"wp:term":[{"taxonomy":"category","embeddable":true,"href":"https:\/\/samantharadionline.com\/index.php\/wp-json\/wp\/v2\/categories?post=17922"},{"taxonomy":"post_tag","embeddable":true,"href":"https:\/\/samantharadionline.com\/index.php\/wp-json\/wp\/v2\/tags?post=17922"}],"curies":[{"name":"wp","href":"https:\/\/api.w.org\/{rel}","templated":true}]}}