{"id":17918,"date":"2025-08-04T11:22:29","date_gmt":"2025-08-04T15:22:29","guid":{"rendered":"https:\/\/samantharadionline.com\/?p=17918"},"modified":"2025-08-04T11:22:30","modified_gmt":"2025-08-04T15:22:30","slug":"inna-moll-se-convierte-en-miss-universo-chile-2025","status":"publish","type":"post","link":"https:\/\/samantharadionline.com\/index.php\/2025\/08\/04\/inna-moll-se-convierte-en-miss-universo-chile-2025\/","title":{"rendered":"Inna Moll se convierte en Miss Universo Chile 2025"},"content":{"rendered":"\n<p class=\"has-medium-font-size\"><em>Inna Moll es modelo y creadora de contenido de 28 a\u00f1os\u00a0<\/em><\/p>\n\n\n\n<p><strong>Inna Moll<\/strong>, de 28 a\u00f1os, representante de la comuna de&nbsp;<strong>Vitacura<\/strong>, se convirti\u00f3 en<strong>&nbsp;Miss Chile 2025.<\/strong><\/p>\n\n\n\n<p>La beldad chilena representar\u00e1 a su pa\u00eds en<strong>&nbsp;Miss Universo 2025<\/strong>, que se realizar\u00e1 en Tailiandia.<\/p>\n\n\n\n<p>Inna fue coronada por su antecesora Emilia Dides.<\/p>\n\n\n\n<h3 class=\"wp-block-heading\">\u00bfQui\u00e9n es Inna Moll?<\/h3>\n\n\n\n<figure class=\"wp-block-image\" id=\"m28681-28680-28682\"><img decoding=\"async\" src=\"https:\/\/listindiario.com\/files\/vertical_main_image\/uploads\/2025\/08\/03\/688fdaa1b7957.jpeg\" alt=\"Inna Moll\"\/><figcaption class=\"wp-element-caption\">Inna MollFuente externa<\/figcaption><\/figure>\n\n\n\n<p><strong>Mar\u00eda Ignacia Moll<\/strong>, nombre de pila, es modelo, youtuber y creadora de contenido que ha logrado consolidar una carrera destacada tanto en el mundo del modelaje como en las redes sociales.<\/p>\n\n\n\n<p>De acuerdo con lo publicado por T13, su madre,<strong>&nbsp;Ana Mar\u00eda Bilbao<\/strong>, fue<strong>&nbsp;candidata a Miss Chile<\/strong>&nbsp;en el a\u00f1o 1987, lo que sugiere que el v\u00ednculo con los cert\u00e1menes de belleza viene de familia.<\/p>\n\n\n\n<p>Inna inici\u00f3 su carrera en el modelaje a los ocho a\u00f1os, a los 18 firm\u00f3 contrato con una agencia nacional, y poco despu\u00e9s comenz\u00f3 a trabajar en el extranjero. En la actualidad, reside en&nbsp;<strong>M\u00e9xico<\/strong>, donde contin\u00faa desarrollando su&nbsp;<strong>carrera profesional.<\/strong><\/p>\n\n\n\n<p>Seg\u00fan medios chilenos, el salto a la fama en redes sociales lo dio en 2017, gracias a su canal de YouTube, donde comenz\u00f3 aseguidores compartiendo vlogs de viajes, rutinas de belleza y videos junto a su entonces&nbsp;<strong>pareja, Adam Horwitz<\/strong>, lo que la convirti\u00f3 en una figura muy seguida por el p\u00fablico joven.<\/p>\n\n\n\n<p>Su participaci\u00f3n en el certamen gener\u00f3&nbsp;<strong>controversia<\/strong>&nbsp;supuestamente por algunos arreglos de lo que ella se defendi\u00f3.<\/p>\n\n\n\n<p>\u201cYo s\u00e9 realmente lo que estoy haciendo y todo el esfuerzo y la garra que estoy poniendo. Yo quiero representar a mi pa\u00eds, eso es lo \u00fanico que quiero, es mi sue\u00f1o, entonces que me quiten eso diciendo que ya est\u00e1 comprado, todo se ve opacado\u201d, dijo en una entrevista con el medio Las \u00daltimas Noticias.<\/p>\n","protected":false},"excerpt":{"rendered":"<p>Inna Moll es modelo y creadora de contenido de 28 a\u00f1os\u00a0 Inna Moll, de 28<\/p>\n","protected":false},"author":1,"featured_media":17919,"comment_status":"open","ping_status":"open","sticky":false,"template":"","format":"standard","meta":{"footnotes":""},"categories":[11],"tags":[],"class_list":["post-17918","post","type-post","status-publish","format-standard","has-post-thumbnail","hentry","category-entretenimiento"],"_links":{"self":[{"href":"https:\/\/samantharadionline.com\/index.php\/wp-json\/wp\/v2\/posts\/17918","targetHints":{"allow":["GET"]}}],"collection":[{"href":"https:\/\/samantharadionline.com\/index.php\/wp-json\/wp\/v2\/posts"}],"about":[{"href":"https:\/\/samantharadionline.com\/index.php\/wp-json\/wp\/v2\/types\/post"}],"author":[{"embeddable":true,"href":"https:\/\/samantharadionline.com\/index.php\/wp-json\/wp\/v2\/users\/1"}],"replies":[{"embeddable":true,"href":"https:\/\/samantharadionline.com\/index.php\/wp-json\/wp\/v2\/comments?post=17918"}],"version-history":[{"count":1,"href":"https:\/\/samantharadionline.com\/index.php\/wp-json\/wp\/v2\/posts\/17918\/revisions"}],"predecessor-version":[{"id":17920,"href":"https:\/\/samantharadionline.com\/index.php\/wp-json\/wp\/v2\/posts\/17918\/revisions\/17920"}],"wp:featuredmedia":[{"embeddable":true,"href":"https:\/\/samantharadionline.com\/index.php\/wp-json\/wp\/v2\/media\/17919"}],"wp:attachment":[{"href":"https:\/\/samantharadionline.com\/index.php\/wp-json\/wp\/v2\/media?parent=17918"}],"wp:term":[{"taxonomy":"category","embeddable":true,"href":"https:\/\/samantharadionline.com\/index.php\/wp-json\/wp\/v2\/categories?post=17918"},{"taxonomy":"post_tag","embeddable":true,"href":"https:\/\/samantharadionline.com\/index.php\/wp-json\/wp\/v2\/tags?post=17918"}],"curies":[{"name":"wp","href":"https:\/\/api.w.org\/{rel}","templated":true}]}}