{"id":17915,"date":"2025-08-04T11:15:30","date_gmt":"2025-08-04T15:15:30","guid":{"rendered":"https:\/\/samantharadionline.com\/?p=17915"},"modified":"2025-08-04T11:15:30","modified_gmt":"2025-08-04T15:15:30","slug":"jessie-j-vuelve-es-hospitalizada-por-una-infeccion-tras-operacion-de-cancer-de-mama","status":"publish","type":"post","link":"https:\/\/samantharadionline.com\/index.php\/2025\/08\/04\/jessie-j-vuelve-es-hospitalizada-por-una-infeccion-tras-operacion-de-cancer-de-mama\/","title":{"rendered":"Jessie J vuelve es hospitalizada por una infecci\u00f3n tras operaci\u00f3n de c\u00e1ncer de mama"},"content":{"rendered":"\n<p class=\"has-medium-font-size\"><em>A trav\u00e9s de sus redes sociales, la artista, de 37 a\u00f1os, comparti\u00f3 con sus seguidores que se encuentra en tratamiento de manera ambulatoria.<\/em><\/p>\n\n\n\n<p><strong>Santo Domingo, RD<\/strong><\/p>\n\n\n\n<p>La cantante brit\u00e1nica&nbsp;<strong>Jessie J&nbsp;<\/strong>fue hospitalizada de emergencia por una infecci\u00f3n y liquido en los pulmones tras someterse a operaci\u00f3n&nbsp;de c\u00e1ncer de mama a finales de junio.<\/p>\n\n\n\n<p>A trav\u00e9s de sus redes sociales, la artista, de 37 a\u00f1os, comparti\u00f3 con sus seguidores que se encuentra en tratamiento de manera ambulatoria.&nbsp;<\/p>\n\n\n\n<p>\u00abAs\u00ed he pasado las \u00faltimas 24 horas. Seis semanas despu\u00e9s de la operaci\u00f3n, y he vuelto a la misma planta del hospital. No lo esperaba ni lo ten\u00eda planeado\u00bb, escribi\u00f3&nbsp;en sus historias de Instagram junto a una imagen de su brazo canalizado.<\/p>\n\n\n\n<p>\u00abTuve y sigo teniendo s\u00edntomas que apuntaban a un co\u00e1gulo de sangre en el pulm\u00f3n. No es un co\u00e1gulo de sangre, gracias a Dios. Me hicieron muchas pruebas, que finalmente mostraron que tengo una infecci\u00f3n (a\u00fan estoy tratando de averiguar qu\u00e9) y un poco de l\u00edquido en los pulmones\u00bb, a\u00f1adi\u00f3.<\/p>\n\n\n\n<p>\u00abMe cuesta respirar, pero me dieron de alta anoche (detesto estar en el hospital) y continuar\u00e9 la investigaci\u00f3n como paciente ambulatoria\u00bb, anunci\u00f3.<\/p>\n","protected":false},"excerpt":{"rendered":"<p>A trav\u00e9s de sus redes sociales, la artista, de 37 a\u00f1os, comparti\u00f3 con sus seguidores<\/p>\n","protected":false},"author":1,"featured_media":17916,"comment_status":"open","ping_status":"open","sticky":false,"template":"","format":"standard","meta":{"footnotes":""},"categories":[11],"tags":[],"class_list":["post-17915","post","type-post","status-publish","format-standard","has-post-thumbnail","hentry","category-entretenimiento"],"_links":{"self":[{"href":"https:\/\/samantharadionline.com\/index.php\/wp-json\/wp\/v2\/posts\/17915","targetHints":{"allow":["GET"]}}],"collection":[{"href":"https:\/\/samantharadionline.com\/index.php\/wp-json\/wp\/v2\/posts"}],"about":[{"href":"https:\/\/samantharadionline.com\/index.php\/wp-json\/wp\/v2\/types\/post"}],"author":[{"embeddable":true,"href":"https:\/\/samantharadionline.com\/index.php\/wp-json\/wp\/v2\/users\/1"}],"replies":[{"embeddable":true,"href":"https:\/\/samantharadionline.com\/index.php\/wp-json\/wp\/v2\/comments?post=17915"}],"version-history":[{"count":1,"href":"https:\/\/samantharadionline.com\/index.php\/wp-json\/wp\/v2\/posts\/17915\/revisions"}],"predecessor-version":[{"id":17917,"href":"https:\/\/samantharadionline.com\/index.php\/wp-json\/wp\/v2\/posts\/17915\/revisions\/17917"}],"wp:featuredmedia":[{"embeddable":true,"href":"https:\/\/samantharadionline.com\/index.php\/wp-json\/wp\/v2\/media\/17916"}],"wp:attachment":[{"href":"https:\/\/samantharadionline.com\/index.php\/wp-json\/wp\/v2\/media?parent=17915"}],"wp:term":[{"taxonomy":"category","embeddable":true,"href":"https:\/\/samantharadionline.com\/index.php\/wp-json\/wp\/v2\/categories?post=17915"},{"taxonomy":"post_tag","embeddable":true,"href":"https:\/\/samantharadionline.com\/index.php\/wp-json\/wp\/v2\/tags?post=17915"}],"curies":[{"name":"wp","href":"https:\/\/api.w.org\/{rel}","templated":true}]}}