{"id":17908,"date":"2025-08-04T10:56:34","date_gmt":"2025-08-04T14:56:34","guid":{"rendered":"https:\/\/samantharadionline.com\/?p=17908"},"modified":"2025-08-04T10:56:35","modified_gmt":"2025-08-04T14:56:35","slug":"grupo-el-norte-conquista-colombia-con-su-gira-por-barranquilla-y-santa-marta","status":"publish","type":"post","link":"https:\/\/samantharadionline.com\/index.php\/2025\/08\/04\/grupo-el-norte-conquista-colombia-con-su-gira-por-barranquilla-y-santa-marta\/","title":{"rendered":"Grupo El Norte conquista Colombia con su gira por\u00a0Barranquilla y Santa Marta"},"content":{"rendered":"\n<p class=\"has-medium-font-size\"><em>El merengue t\u00edpico afianza su impronta de la mano de la agrupaci\u00f3n<\/em><\/p>\n\n\n\n<figure class=\"wp-block-image\"><img decoding=\"async\" src=\"https:\/\/lh3.googleusercontent.com\/a-\/ALV-UjU7rXTgXd9WPMkyrvQ69RRznC6tkDoA6aAIDO7g0BUnhyVJLQ=s40-p\" alt=\"\"\/><\/figure>\n\n\n\n<figure class=\"wp-block-table\"><table class=\"has-fixed-layout\"><tbody><tr><td><strong>Mar\u00eda Jim\u00e9nez<\/strong><\/td><\/tr><\/tbody><\/table><\/figure>\n\n\n\n<p>La reconocida agrupaci\u00f3n de merengue t\u00edpico El Norte culmin\u00f3 con rotundo \u00e9xito su gira por Colombia, donde estuvo presente desde el 21 de julio hasta el 1 de agosto, llevando su contagioso ritmo a dos de las ciudades m\u00e1s importantes de la regi\u00f3n Caribe: Barranquilla y Santa Marta.<\/p>\n\n\n\n<p>La gira comenz\u00f3 en Barranquilla, donde El Norte se present\u00f3 a casa llena en la emblem\u00e1tica discoteca Frogg Less, considerada la mejor de la ciudad. El p\u00fablico barranquillero disfrut\u00f3 de una noche vibrante al ritmo del merengue t\u00edpico, coreando cada uno de los \u00e9xitos de la agrupaci\u00f3n y demostrando una vez m\u00e1s la conexi\u00f3n cultural entre Colombia y Rep\u00fablica Dominicana.<\/p>\n\n\n\n<p>\u201cEs muy gratificante sentir la vibrante energ\u00eda de los colombianos cuando bailaban, coreaban y disfrutaban de nuestra m\u00fasica, palpar de primera mano el arraigo que ha logrado el merengue en este mercado que suele apostar a las propuestas de mucha calidad musical\u201d, coment\u00f3 Joselito Trinidad, cantante l\u00edder del grupo.<\/p>\n\n\n\n<p>Joselito Trinidad celebra por partida doble junto al resto de sus compa\u00f1eros porque la suya es la primera agrupaci\u00f3n t\u00edpica que se presenta en Colombia, logrando un gran \u00e9xito en sus actuaciones; pero, adem\u00e1s, ya est\u00e1n bien adelantados los tr\u00e1mites para volver a esta plaza como parte de las principales atracciones del pr\u00f3ximo carnaval en Barranquilla.<\/p>\n\n\n\n<p>Posteriormente, el grupo se traslad\u00f3 a Santa Marta para ser parte de las tradicionales Fiestas del Mar \u2013donde por primera vez se instala una tarima flotante y es precisamente con la agrupaci\u00f3n dominicana que estrenan esta din\u00e1mica de tocar en su estreno sobre esta plataforma\u2013, uno de los eventos m\u00e1s importantes del calendario festivo colombiano. Durante su estad\u00eda, El Norte ofreci\u00f3 m\u00faltiples presentaciones que lograron cautivar tanto a locales como a visitantes, consolidando su presencia en el pa\u00eds.<\/p>\n\n\n\n<p>Durante las festividades, en las que interpretaron la mayor\u00eda de sus canciones m\u00e1s populares como \u201cMil preguntas\u201d, \u201cPor culpa de un tercero\u201d, \u201cEsa mujer\u201d y su m\u00e1s reciente grabaci\u00f3n, un&nbsp;<em>medley<\/em>&nbsp;en el que rinden tributo a Rubby P\u00e9rez, compartieron escenario con reconocidos artistas de talla internacional como Carlos Vives, Elder Day\u00e1n D\u00edaz, Poncho Zuleta y Peter Manjarr\u00e9s, siendo parte de una programaci\u00f3n musical diversa que celebr\u00f3 lo mejor del folclor caribe\u00f1o y la m\u00fasica popular.<\/p>\n\n\n\n<p>El grupo \u201cEl Norte agradece profundamente el cari\u00f1o recibido en Colombia\u201d, manifest\u00f3 Joselito, y reafirma su compromiso de seguir llevando la esencia del merengue t\u00edpico a nuevos p\u00fablicos alrededor del mundo. \u201cEsta gira marca un nuevo hito en su trayectoria internacional y fortalece los lazos culturales entre ambos pa\u00edses\u201d.<\/p>\n","protected":false},"excerpt":{"rendered":"<p>El merengue t\u00edpico afianza su impronta de la mano de la agrupaci\u00f3n Mar\u00eda Jim\u00e9nez La<\/p>\n","protected":false},"author":1,"featured_media":17909,"comment_status":"open","ping_status":"open","sticky":false,"template":"","format":"standard","meta":{"footnotes":""},"categories":[11],"tags":[],"class_list":["post-17908","post","type-post","status-publish","format-standard","has-post-thumbnail","hentry","category-entretenimiento"],"_links":{"self":[{"href":"https:\/\/samantharadionline.com\/index.php\/wp-json\/wp\/v2\/posts\/17908","targetHints":{"allow":["GET"]}}],"collection":[{"href":"https:\/\/samantharadionline.com\/index.php\/wp-json\/wp\/v2\/posts"}],"about":[{"href":"https:\/\/samantharadionline.com\/index.php\/wp-json\/wp\/v2\/types\/post"}],"author":[{"embeddable":true,"href":"https:\/\/samantharadionline.com\/index.php\/wp-json\/wp\/v2\/users\/1"}],"replies":[{"embeddable":true,"href":"https:\/\/samantharadionline.com\/index.php\/wp-json\/wp\/v2\/comments?post=17908"}],"version-history":[{"count":1,"href":"https:\/\/samantharadionline.com\/index.php\/wp-json\/wp\/v2\/posts\/17908\/revisions"}],"predecessor-version":[{"id":17910,"href":"https:\/\/samantharadionline.com\/index.php\/wp-json\/wp\/v2\/posts\/17908\/revisions\/17910"}],"wp:featuredmedia":[{"embeddable":true,"href":"https:\/\/samantharadionline.com\/index.php\/wp-json\/wp\/v2\/media\/17909"}],"wp:attachment":[{"href":"https:\/\/samantharadionline.com\/index.php\/wp-json\/wp\/v2\/media?parent=17908"}],"wp:term":[{"taxonomy":"category","embeddable":true,"href":"https:\/\/samantharadionline.com\/index.php\/wp-json\/wp\/v2\/categories?post=17908"},{"taxonomy":"post_tag","embeddable":true,"href":"https:\/\/samantharadionline.com\/index.php\/wp-json\/wp\/v2\/tags?post=17908"}],"curies":[{"name":"wp","href":"https:\/\/api.w.org\/{rel}","templated":true}]}}