{"id":17898,"date":"2025-08-04T10:37:32","date_gmt":"2025-08-04T14:37:32","guid":{"rendered":"https:\/\/samantharadionline.com\/?p=17898"},"modified":"2025-08-04T10:37:33","modified_gmt":"2025-08-04T14:37:33","slug":"el-giro-a-la-izquierda-causa-confusion-entre-conductores","status":"publish","type":"post","link":"https:\/\/samantharadionline.com\/index.php\/2025\/08\/04\/el-giro-a-la-izquierda-causa-confusion-entre-conductores\/","title":{"rendered":"El giro a la izquierda causa confusi\u00f3n entre conductores"},"content":{"rendered":"\n<p class=\"has-medium-font-size\"><em>Algunos conductores del cruce M\u00e1ximo G\u00f3mez con avenida Pedro Livio Cede\u00f1o afirmaron que no fueron notificados por ninguna v\u00eda de esta restricci\u00f3n<\/em><\/p>\n\n\n\n<figure class=\"wp-block-image\"><img decoding=\"async\" src=\"https:\/\/listindiario.com\/files\/image_60_60\/uploads\/2025\/06\/12\/684b391707e60.jpeg\" alt=\"Avatar del Nalphy Mart\u00ednez\"\/><\/figure>\n\n\n\n<p><em>\u00a0<\/em>Nalphy Mart\u00ednez, <strong>Santo Domingo, RD<\/strong><\/p>\n\n\n\n<p>La&nbsp;<strong>tercera fase del no giro a la izquierda<\/strong>&nbsp;entr\u00f3 en vigencia este domingo, donde cinco nuevas intersecciones se unir\u00e1n al plan de gesti\u00f3n de tr\u00e1fico \u201c<strong>RD Se Mueve<\/strong>\u201d para evitar el congestionamiento vehiculary brindar un mejoramiento del tr\u00e1nsito en las<strong>&nbsp;calles del Gran Santo Domingo<\/strong>.<\/p>\n\n\n\n<p>Las cinco nuevas intersecciones que se contemplan en esta nueva etapa son la&nbsp;<strong>avenida Abraham Lincoln<\/strong>&nbsp;con calle V\u00edctor Garrido, direcci\u00f3n noreste; Abraham Lincoln con calle Andr\u00e9s Julio Aybar, direcci\u00f3n noreste;&nbsp;<strong>M\u00e1ximo G\u00f3mez&nbsp;<\/strong>con avenida Pedro Livio Cede\u00f1o, direcci\u00f3n noreste; Winston Churchill con calle&nbsp;<strong>Jos\u00e9 Amado Soler,&nbsp;<\/strong>direcci\u00f3n sureste; y&nbsp;<strong>Winston Churchill&nbsp;<\/strong>con avenida<strong>&nbsp;Roberto Pastoriza<\/strong>, direcci\u00f3n suroeste.<\/p>\n\n\n\n<p>Sin embargo, pese a tener varias se\u00f1alizaciones que especifican el no giro a la izquierda en estas intersecciones y contar con los agentes de la&nbsp;<strong>Direcci\u00f3n General de Seguridad de Tr\u00e1nsito y Transporte Terrestre<\/strong>&nbsp;(<strong>Digesett<\/strong>), muchos conductores han afirmado no saber de esta prohibici\u00f3n y otros hacen caso omiso a las instrucciones.<\/p>\n\n\n\n<figure class=\"wp-block-image\" id=\"m33647-33646-33648\"><img decoding=\"async\" src=\"https:\/\/listindiario.com\/files\/vertical_main_image\/uploads\/2025\/08\/03\/688fa19e3b715.jpeg\" alt=\"Algunos ciudadanos omitieron esta prohibici\u00f3n.\"\/><figcaption class=\"wp-element-caption\">Algunos ciudadanos omitieron esta prohibici\u00f3n.Ra\u00fal Asencio<\/figcaption><\/figure>\n\n\n\n<p>En un recorrido realizado por estas intersecciones, periodistas del List\u00edn Diario pudieron constatar que los conductores de M\u00e1ximo G\u00f3mez con&nbsp;<strong>avenida Pedro Livio Cede\u00f1o<\/strong>&nbsp;mostraron confusi\u00f3n ante esta implementaci\u00f3n, llegando incluso a ignorar la prohibici\u00f3n.<\/p>\n\n\n\n<p>\u201cLos ciudadanos casi no quieren leer, ah\u00ed est\u00e1 la se\u00f1alizaci\u00f3n. Les hacemos se\u00f1as de que no giren hacia la izquierda, pero ellos, por encima de nosotros. Hay muchos que s\u00ed giran violentando la se\u00f1alizaci\u00f3n del&nbsp;<strong>sem\u00e1foro<\/strong>&nbsp;y la se\u00f1alizaci\u00f3n de nosotros\u201d, coment\u00f3 distra\u00eddo un agente de la Digesett mientras pon\u00eda una multa a un ciudadano por realizar lo que reprochaba.<\/p>\n\n\n\n<p>Aclar\u00f3 que de manera reciente se hab\u00eda retirado el letrero que anunciaba la puesta en marcha del no giro a la izquierda en esta bifurcaci\u00f3n y esta misma versi\u00f3n fue corroborada por dem\u00e1s miembros del personal en las otras avenidas.<\/p>\n\n\n\n<p>Agregaron adem\u00e1s que desde ayer se hab\u00eda dedicado a informar y orientar en estos cruces para evitar malentendidos con los&nbsp;<strong>automovilistas<\/strong>.<\/p>\n\n\n\n<figure class=\"wp-block-image\" id=\"m33659-33658-33660\"><img decoding=\"async\" src=\"https:\/\/listindiario.com\/files\/vertical_main_image\/uploads\/2025\/08\/03\/688fa208b6729.jpeg\" alt=\"Agentes de la Digesett orientan a los conductores con respecto a esta nueva fase.\"\/><figcaption class=\"wp-element-caption\">Agentes de la Digesett orientan a los conductores con respecto a esta nueva fase.Ra\u00fal Asencio<\/figcaption><\/figure>\n\n\n\n<p>En cambio, algunos ciudadanos del cruce M\u00e1ximo G\u00f3mez con avenida Pedro Livio Cede\u00f1o afirmaron que no fueron notificados por ninguna v\u00eda de esta restricci\u00f3n y mostraron confusi\u00f3n y sorpresa ante la incorporaci\u00f3n de esta tercera fase.<\/p>\n\n\n\n<p>\u201cNo s\u00e9 cu\u00e1l es el plan de ellos de haber cambiado unas leyes que el ciudadano no sabe\u201d, aleg\u00f3 un ciudadano visiblemente molesto por la reciente amonestaci\u00f3n obtenida al violentar la prohibici\u00f3n.<\/p>\n\n\n\n<p><strong>Lea tambi\u00e9n<\/strong><\/p>\n\n\n\n<p>Aunque las otras avenidas no mostraron la misma desorientaci\u00f3n que la mencionada, los miembros de la Digesset manifestaron estar preparados para cualquier situaci\u00f3n que se presente a medida que avanza la semana.<\/p>\n\n\n\n<h3 class=\"wp-block-heading\">RD se mueve<\/h3>\n\n\n\n<p>Esta nueva fase reafirma el compromiso del Gabinete de Transporte para ejecutar acciones sostenibles orientadas a lograr una mejor&nbsp;<strong>movilidad urbana<\/strong>&nbsp;y ofrecer un&nbsp;<strong>entorno vial&nbsp;<\/strong>m\u00e1s seguro, ordenado y eficiente para todos los ciudadanos.<\/p>\n\n\n\n<p>En conformidad con un comunicado de prensa, las fases anteriores aplicadas en las avenidas&nbsp;<strong>Lope de Vega<\/strong>&nbsp;y&nbsp;<strong>Tiradentes<\/strong>&nbsp;han sido monitoreadas de manera continua registrando una reducci\u00f3n de m\u00e1s del 30 % en los tiempos de recorrido durante el actual per\u00edodo de vacaciones escolares.<\/p>\n","protected":false},"excerpt":{"rendered":"<p>Algunos conductores del cruce M\u00e1ximo G\u00f3mez con avenida Pedro Livio Cede\u00f1o afirmaron que no fueron<\/p>\n","protected":false},"author":1,"featured_media":17899,"comment_status":"open","ping_status":"open","sticky":false,"template":"","format":"standard","meta":{"footnotes":""},"categories":[12],"tags":[],"class_list":["post-17898","post","type-post","status-publish","format-standard","has-post-thumbnail","hentry","category-nacionales"],"_links":{"self":[{"href":"https:\/\/samantharadionline.com\/index.php\/wp-json\/wp\/v2\/posts\/17898","targetHints":{"allow":["GET"]}}],"collection":[{"href":"https:\/\/samantharadionline.com\/index.php\/wp-json\/wp\/v2\/posts"}],"about":[{"href":"https:\/\/samantharadionline.com\/index.php\/wp-json\/wp\/v2\/types\/post"}],"author":[{"embeddable":true,"href":"https:\/\/samantharadionline.com\/index.php\/wp-json\/wp\/v2\/users\/1"}],"replies":[{"embeddable":true,"href":"https:\/\/samantharadionline.com\/index.php\/wp-json\/wp\/v2\/comments?post=17898"}],"version-history":[{"count":1,"href":"https:\/\/samantharadionline.com\/index.php\/wp-json\/wp\/v2\/posts\/17898\/revisions"}],"predecessor-version":[{"id":17900,"href":"https:\/\/samantharadionline.com\/index.php\/wp-json\/wp\/v2\/posts\/17898\/revisions\/17900"}],"wp:featuredmedia":[{"embeddable":true,"href":"https:\/\/samantharadionline.com\/index.php\/wp-json\/wp\/v2\/media\/17899"}],"wp:attachment":[{"href":"https:\/\/samantharadionline.com\/index.php\/wp-json\/wp\/v2\/media?parent=17898"}],"wp:term":[{"taxonomy":"category","embeddable":true,"href":"https:\/\/samantharadionline.com\/index.php\/wp-json\/wp\/v2\/categories?post=17898"},{"taxonomy":"post_tag","embeddable":true,"href":"https:\/\/samantharadionline.com\/index.php\/wp-json\/wp\/v2\/tags?post=17898"}],"curies":[{"name":"wp","href":"https:\/\/api.w.org\/{rel}","templated":true}]}}