{"id":17895,"date":"2025-08-04T10:31:37","date_gmt":"2025-08-04T14:31:37","guid":{"rendered":"https:\/\/samantharadionline.com\/?p=17895"},"modified":"2025-08-04T10:31:38","modified_gmt":"2025-08-04T14:31:38","slug":"nuestra-conclusion-es-que-tenemos-un-buen-codigo-penal","status":"publish","type":"post","link":"https:\/\/samantharadionline.com\/index.php\/2025\/08\/04\/nuestra-conclusion-es-que-tenemos-un-buen-codigo-penal\/","title":{"rendered":"\u201cNuestra conclusi\u00f3n es que tenemos un buen C\u00f3digo Penal\u201d"},"content":{"rendered":"\n<p class=\"has-medium-font-size\"><em>Yeni Berenice agradeci\u00f3 a todas las personas que alzaron su voz para tener un nuevo C\u00f3digo Penal y a los \u201clegisladores por escuchar\u201d<\/em><\/p>\n\n\n\n<figure class=\"wp-block-image\"><img decoding=\"async\" src=\"https:\/\/listindiario.com\/files\/image_60_60\/uploads\/2023\/05\/24\/646e8604494e2.jpeg\" alt=\"Avatar del Yudelka Dom\u00ednguez\"\/><\/figure>\n\n\n\n<p><em>\u00a0<\/em>Yudelka Dom\u00ednguez, <strong>Santo Domingo, RD.\u00a0<\/strong><\/p>\n\n\n\n<p>La&nbsp;<strong>procuradora&nbsp;<\/strong>general de la Rep\u00fablica,&nbsp;<strong>Yeni Berenice Reynoso<\/strong>, valor\u00f3 como positiva la promulgaci\u00f3n de un<strong>&nbsp;nuevo C\u00f3digo Penal<\/strong>, debido a que en t\u00e9rminos generales \u201cest\u00e1 acorde a las nuevas tendencias de la teor\u00eda del delito\u201d.<\/p>\n\n\n\n<p>Indic\u00f3 que el\u00a0<strong>Ministerio P\u00fablico\u00a0<\/strong>analiz\u00f3 este\u00a0C\u00f3digo Penal, haciendo comparaciones con leyes, \u201cla jurisprudencia y la doctrina, no solo de la regi\u00f3n, y nuestra conclusi\u00f3n es que tenemos un buen C\u00f3digo Penal\u201d.<\/p>\n\n\n\n<p>Asimismo, la procuradora reconoci\u00f3 el trabajo de algunos&nbsp;<strong>legisladores&nbsp;<\/strong>y<strong>&nbsp;l\u00edderes pol\u00edticos&nbsp;<\/strong>que \u201chicieron m\u00e1s de lo que se puede ver\u201d para que el C\u00f3digo Penal tuviera un car\u00e1cter \u201cprogresivo con relaci\u00f3n a los avances asentados en la&nbsp;<strong>Ley 24-97&nbsp;<\/strong>y otras legislaciones; a pesar de que otros quer\u00edan retroceder, la razonabilidad llev\u00f3 a decidir lo correcto\u201d.<\/p>\n\n\n\n<figure class=\"wp-block-image\" id=\"m51139-51138-51140\"><img decoding=\"async\" src=\"https:\/\/listindiario.com\/files\/vertical_main_image\/uploads\/2025\/08\/04\/6890ac0f9aaba.jpeg\" alt=\"Comunicado sobre el C\u00f3digo Penal\"\/><figcaption class=\"wp-element-caption\">Comunicado del Ministerio P\u00fablico sobre el C\u00f3digo PenalFuente externa<\/figcaption><\/figure>\n\n\n\n<p>\u201cHoy estamos ante el&nbsp;<strong>cambio legislativo m\u00e1s importante<\/strong>&nbsp;en materia de derecho penal desde el a\u00f1o 1884, porque era necesario no s\u00f3lo tener un&nbsp;<strong>nuevo C\u00f3digo Penal<\/strong>, sino avanzar en una nueva visi\u00f3n de&nbsp;<strong>justicia&nbsp;<\/strong>centrada en las personas, la cual estamos comprometidos a impulsar desde el&nbsp;<strong>Ministerio P\u00fablico<\/strong>\u201d, indic\u00f3 en el comunicado.<\/p>\n\n\n\n<p>La<strong>&nbsp;procuradora general de la Rep\u00fablica<\/strong>, agradeci\u00f3 a todas las personas que alzaron su voz para tener un nuevo C\u00f3digo Penal y a los \u201clegisladores por escuchar\u201d.<\/p>\n\n\n\n<p>\u201c\u00a1Aunque siempre toda ley es perfectible, hoy hemos avanzado por el bien de la sociedad!\u201d, concluy\u00f3.<\/p>\n\n\n\n<p>La tarde del domingo el&nbsp;<strong>presidente Luis Abinader<\/strong>&nbsp;emiti\u00f3 la ley 74-25, sobre el&nbsp;<strong>C\u00f3digo Penal dominicano.<\/strong><\/p>\n","protected":false},"excerpt":{"rendered":"<p>Yeni Berenice agradeci\u00f3 a todas las personas que alzaron su voz para tener un nuevo<\/p>\n","protected":false},"author":1,"featured_media":17896,"comment_status":"open","ping_status":"open","sticky":false,"template":"","format":"standard","meta":{"footnotes":""},"categories":[12],"tags":[],"class_list":["post-17895","post","type-post","status-publish","format-standard","has-post-thumbnail","hentry","category-nacionales"],"_links":{"self":[{"href":"https:\/\/samantharadionline.com\/index.php\/wp-json\/wp\/v2\/posts\/17895","targetHints":{"allow":["GET"]}}],"collection":[{"href":"https:\/\/samantharadionline.com\/index.php\/wp-json\/wp\/v2\/posts"}],"about":[{"href":"https:\/\/samantharadionline.com\/index.php\/wp-json\/wp\/v2\/types\/post"}],"author":[{"embeddable":true,"href":"https:\/\/samantharadionline.com\/index.php\/wp-json\/wp\/v2\/users\/1"}],"replies":[{"embeddable":true,"href":"https:\/\/samantharadionline.com\/index.php\/wp-json\/wp\/v2\/comments?post=17895"}],"version-history":[{"count":1,"href":"https:\/\/samantharadionline.com\/index.php\/wp-json\/wp\/v2\/posts\/17895\/revisions"}],"predecessor-version":[{"id":17897,"href":"https:\/\/samantharadionline.com\/index.php\/wp-json\/wp\/v2\/posts\/17895\/revisions\/17897"}],"wp:featuredmedia":[{"embeddable":true,"href":"https:\/\/samantharadionline.com\/index.php\/wp-json\/wp\/v2\/media\/17896"}],"wp:attachment":[{"href":"https:\/\/samantharadionline.com\/index.php\/wp-json\/wp\/v2\/media?parent=17895"}],"wp:term":[{"taxonomy":"category","embeddable":true,"href":"https:\/\/samantharadionline.com\/index.php\/wp-json\/wp\/v2\/categories?post=17895"},{"taxonomy":"post_tag","embeddable":true,"href":"https:\/\/samantharadionline.com\/index.php\/wp-json\/wp\/v2\/tags?post=17895"}],"curies":[{"name":"wp","href":"https:\/\/api.w.org\/{rel}","templated":true}]}}