{"id":17892,"date":"2025-08-03T12:09:04","date_gmt":"2025-08-03T16:09:04","guid":{"rendered":"https:\/\/samantharadionline.com\/?p=17892"},"modified":"2025-08-03T12:09:05","modified_gmt":"2025-08-03T16:09:05","slug":"version-de-edward-ramirez-coincide-con-de-las-autoridades","status":"publish","type":"post","link":"https:\/\/samantharadionline.com\/index.php\/2025\/08\/03\/version-de-edward-ramirez-coincide-con-de-las-autoridades\/","title":{"rendered":"Versi\u00f3n de Edward Ram\u00edrez  coincide con de las autoridades"},"content":{"rendered":"\n<p class=\"has-medium-font-size\"><em>Edward Ram\u00edrez narr\u00f3 de manera cronol\u00f3gica y con detalle c\u00f3mo sucedi\u00f3 su apresamiento con la Polic\u00eda Nacional<\/em><\/p>\n\n\n\n<figure class=\"wp-block-image\"><img decoding=\"async\" src=\"https:\/\/listindiario.com\/files\/image_60_60\/uploads\/2025\/06\/12\/684b391707e60.jpeg\" alt=\"Avatar del Nalphy Mart\u00ednez\"\/><\/figure>\n\n\n\n<p><em>\u00a0<\/em>Nalphy Mart\u00ednez, <strong>Santo Domingo, RD<\/strong><\/p>\n\n\n\n<p>El&nbsp;<strong>vocero de la Polic\u00eda Nacional<\/strong>,&nbsp;<strong>Diego Pesqueira<\/strong>, confirm\u00f3 a reporteros de List\u00edn Diario que la versi\u00f3n del&nbsp;<strong>periodista<\/strong>&nbsp;de<strong>&nbsp;El Nuevo Diario<\/strong>&nbsp;<strong>Edward Ram\u00edrez<\/strong>, quien fue detenido en los alrededores del<strong>&nbsp;Centro Ol\u00edmpico<\/strong>, \u201cpr\u00e1cticamente coincide\u201d con lo relatado por las autoridades.<\/p>\n\n\n\n<p>\u201c\u00c9l pr\u00e1cticamente coincide en todo lo que dije ayer (viernes). \u00c9l mismo admite ah\u00ed que hizo cuatro llamadas. Por eso di una declaraci\u00f3n que dice todo, que hab\u00eda una investigaci\u00f3n, que fue detenido en el&nbsp;<strong>Centro Ol\u00edmpico<\/strong>, que \u00e9l ciertamente llam\u00f3; yo dije que llam\u00f3 una vez, pero \u00e9l admite que llam\u00f3 cuatro\u201d, cont\u00f3 a List\u00edn Diario.<\/p>\n\n\n\n<p>Mediante un v\u00eddeo en sus<strong>&nbsp;redes sociales<\/strong>, Ram\u00edrez narr\u00f3 de manera cronol\u00f3gica y con detalle c\u00f3mo sucedi\u00f3 su&nbsp;<strong>apresamiento<\/strong>&nbsp;con la<strong>&nbsp;Polic\u00eda Nacional<\/strong>&nbsp;al ser acusado por sospecha de robo.<\/p>\n\n\n\n<p>Pese a que fue declarado como<strong>\u00a0desaparecido\u00a0<\/strong>el jueves 31 de julio y la<strong>\u00a0Direcci\u00f3n Central de Investigaci\u00f3n Criminal<\/strong>\u00a0(Dicrim) iniciara un operativo de b\u00fasqueda para dar con su paradero, horas m\u00e1s tarde se confirm\u00f3 que se encontraba detenido en el\u00a0<strong>destacamento del ensanche Naco<\/strong>, ubicado en el Distrito Nacional, en el Centro Ol\u00edmpico.<\/p>\n\n\n\n<p>Ante el hecho, comenz\u00f3 a correr el rumor de que sus derechos como ciudadanos fueron violentados y que en ning\u00fan momento se le permiti\u00f3 hacer una llamada; sin embargo, con sus declaraciones contadas en video, a lo largo de su detenci\u00f3n mencion\u00f3 c\u00f3mo realiz\u00f3 m\u00e1s de una llamada.<\/p>\n\n\n\n<p>\u201cLo que dec\u00eda, que no se le dej\u00f3 llamar, \u00e9l pr\u00e1cticamente, \u00e9l mismo dice que llam\u00f3 cuatro veces.&nbsp;<strong>T\u00fa tomas la declaraci\u00f3n de \u00e9l<\/strong>&nbsp;y puedes contrastarla con la misma que yo di ayer, que es lo mismo\u201d, resalt\u00f3 Pesqueira.<\/p>\n\n\n\n<p>Con respecto al proceso de c\u00f3mo ocurrieron las cosas, Pesqueira explic\u00f3 que lo siguiente ser\u00eda que Ram\u00edrez presentara una&nbsp;<strong>denuncia<\/strong>&nbsp;en contra de las autoridades que abordaron su caso para entonces iniciar con las investigaciones de lugar.<\/p>\n\n\n\n<p>Mediante un video en sus redes sociales,&nbsp;<strong>Edward Ram\u00edrez<\/strong>,<strong>&nbsp;periodista&nbsp;<\/strong>de<strong>&nbsp;El Nuevo Diario<\/strong>, cont\u00f3 su versi\u00f3n de los hechos con una cronolog\u00eda de lo sucedido.<\/p>\n\n\n\n<p>Relat\u00f3 que luego de salir de su trabajo, alrededor de las 8:00 de la noche del mi\u00e9rcoles 30 de julio, tom\u00f3 rumbo al&nbsp;<strong>Estadio Ol\u00edmpico<\/strong>&nbsp;donde acostumbra a realizar<strong>&nbsp;actividad f\u00edsica,<\/strong>&nbsp;cuando un individuo, sin raz\u00f3n aparente, comenz\u00f3 a lanzar piedras en las afueras del&nbsp;<strong>estadio<\/strong>.<\/p>\n\n\n\n<p>Ante el ataque, y en conjunto con otras personas, emprendi\u00f3 la&nbsp;<strong>huida<\/strong>, pero en un momento se detuvo para tambi\u00e9n tirarle piedras; sin embargo, tuvo un acercamiento con el individuo donde, por seguridad, decidi\u00f3 alejarse.<\/p>\n\n\n\n<p>Una patrulla de la&nbsp;<strong>Polic\u00eda Nacional&nbsp;<\/strong>lleg\u00f3 a la escena de los hechos y \u00e9l le cont\u00f3 lo que hab\u00eda sucedido.<\/p>\n\n\n\n<p>\u201cLe cont\u00e9 lo que hab\u00eda pasado y proced\u00ed&nbsp;a identificarme, le mostr\u00e9 mi&nbsp;<strong>carnet de trabajo<\/strong>&nbsp;y le entregu\u00e9 mi<strong>&nbsp;c\u00e9dula de identidad<\/strong>&nbsp;para que ellos hicieran el<strong>&nbsp;peritaje<\/strong>&nbsp;correspondiente, lo cual consist\u00eda en ubicar mi c\u00e9dula en su tel\u00e9fono para identificar si yo ten\u00eda antecedentes penales\u201d, explic\u00f3 en el video.<\/p>\n\n\n\n<p>Sin embargo, como se encontraba sudado y sofocado por la persecuci\u00f3n que hab\u00eda tenido, fue acusado como&nbsp;<strong>sospechoso de robo&nbsp;<\/strong>por las autoridades nacionales y estas tomaron una actitud alterada con \u00e9l.<\/p>\n\n\n\n<p>Relat\u00f3 que en su mochila llevaba pertenencias que lo identificaban en la profesi\u00f3n, como el&nbsp;<strong>carnet de periodista<\/strong>&nbsp;y una acreditaci\u00f3n de un evento especial a cubrir en&nbsp;<strong>Santiago<\/strong>.<\/p>\n\n\n\n<p>Aunque no especific\u00f3 la hora en que fue interceptado por las autoridades, s\u00ed aclar\u00f3 que intent\u00f3 hacer dos llamadas desde su celular para contactarse con conocidos que supieran de su situaci\u00f3n y pudieran rescatarlo, pero las llamadas no fueron respondidas.<\/p>\n\n\n\n<p>Con el&nbsp;<strong>peritaje&nbsp;<\/strong>correspondiente, subi\u00f3 al<strong>&nbsp;cami\u00f3n policial<\/strong>&nbsp;a las 12:30 de la medianoche y acompa\u00f1\u00f3 a los agentes en el operativo de ruta hasta las 6:00 de la ma\u00f1ana, donde recorri\u00f3 todo el<strong>&nbsp;Distrito Nacional<\/strong>.<\/p>\n\n\n\n<p>Durante este lapso de tiempo recurri\u00f3 una vez m\u00e1s a su<strong>&nbsp;derecho de llamada<\/strong>, pero fue interrumpido con otra llamada por la persona que se encargar\u00eda de auxiliarlo, entregando as\u00ed el dispositivo al agente de m\u00e1s rango y, seg\u00fan cont\u00f3, no volvi\u00f3 a saber de su celular.<\/p>\n\n\n\n<p>Al llegar al\u00a0<strong>destacamento del Ensanche Naco<\/strong>\u00a0solicit\u00f3 una vez m\u00e1s realizar una llamada, pero le informaron que primero tendr\u00eda que agotar un proceso de inspecci\u00f3n para recaudar sus datos; esto ocurri\u00f3 a las 9:00 de la ma\u00f1ana del jueves 31 de julio.<\/p>\n\n\n\n<p>Acus\u00f3 a las autoridades de que durante ese d\u00eda, a las 11:00 de la ma\u00f1ana, liberaron a personas retenidas en la estaci\u00f3n, pero que a \u00e9l lo retuvieron sin darle razones s\u00f3lidas.<\/p>\n\n\n\n<p>\u201cYo intent\u00e9 reclamarle a un agente del&nbsp;<strong>Dicrim<\/strong>&nbsp;y \u00e9l me dijo que me callara porque yo era un ladr\u00f3n. Es importante que esto quede en v\u00eddeo para que sepan que yo no lo voy a ocultar\u201d, denunci\u00f3, al dejarlo detenido todo el jueves y que cada vez que solicitaba hacer recurso, una vez m\u00e1s, de llamada fue negado en varias ocasiones.<\/p>\n\n\n\n<p>Al contar su versi\u00f3n, clarific\u00f3 que no busca satanizar a la&nbsp;<strong>Polic\u00eda Nacional<\/strong>; sin embargo, responsabiliz\u00f3 de manera particular a los agentes que fueron part\u00edcipes del trato recibido, pese a identificarse en contadas ocasiones.<\/p>\n\n\n\n<p>Amanecido en la celda hasta el&nbsp;<strong>viernes a las 8:00 de la ma\u00f1ana<\/strong>, fue liberado \u201ca cuentagotas, como que era una selecci\u00f3n de qui\u00e9n fuera peor o mayor\u201d. Resalt\u00f3 que hubo personas con antecedentes penales que fueron liberadas antes que \u00e9l.<\/p>\n\n\n\n<p>\u201cCon este video quiero dejar las cosas claras porque hay muchas especulaciones y a m\u00ed no se me agarr\u00f3 haciendo nada indebido ni nada que vaya en contra de la ley. A m\u00ed se me agarr\u00f3 corriendo, yo levant\u00e9 mis manos cuando fui encontrado, me identifiqu\u00e9 y me puse a<strong>&nbsp;disposici\u00f3n de la justicia<\/strong>\u201d, manifest\u00f3 el demandante.<\/p>\n\n\n\n<p>Denunci\u00f3 que fue&nbsp;<strong>privado de su libertad<\/strong>&nbsp;por capricho personal de los agentes, con sus derechos vulnerados, debido a que presuntamente no se le&nbsp;<strong>permiti\u00f3 derecho a la llamada<\/strong>, aun cuando mencion\u00f3 que durante las horas que fue detenido y esposado realiz\u00f3 m\u00e1s de una.<\/p>\n","protected":false},"excerpt":{"rendered":"<p>Edward Ram\u00edrez narr\u00f3 de manera cronol\u00f3gica y con detalle c\u00f3mo sucedi\u00f3 su apresamiento con la<\/p>\n","protected":false},"author":1,"featured_media":17893,"comment_status":"open","ping_status":"open","sticky":false,"template":"","format":"standard","meta":{"footnotes":""},"categories":[12],"tags":[],"class_list":["post-17892","post","type-post","status-publish","format-standard","has-post-thumbnail","hentry","category-nacionales"],"_links":{"self":[{"href":"https:\/\/samantharadionline.com\/index.php\/wp-json\/wp\/v2\/posts\/17892","targetHints":{"allow":["GET"]}}],"collection":[{"href":"https:\/\/samantharadionline.com\/index.php\/wp-json\/wp\/v2\/posts"}],"about":[{"href":"https:\/\/samantharadionline.com\/index.php\/wp-json\/wp\/v2\/types\/post"}],"author":[{"embeddable":true,"href":"https:\/\/samantharadionline.com\/index.php\/wp-json\/wp\/v2\/users\/1"}],"replies":[{"embeddable":true,"href":"https:\/\/samantharadionline.com\/index.php\/wp-json\/wp\/v2\/comments?post=17892"}],"version-history":[{"count":1,"href":"https:\/\/samantharadionline.com\/index.php\/wp-json\/wp\/v2\/posts\/17892\/revisions"}],"predecessor-version":[{"id":17894,"href":"https:\/\/samantharadionline.com\/index.php\/wp-json\/wp\/v2\/posts\/17892\/revisions\/17894"}],"wp:featuredmedia":[{"embeddable":true,"href":"https:\/\/samantharadionline.com\/index.php\/wp-json\/wp\/v2\/media\/17893"}],"wp:attachment":[{"href":"https:\/\/samantharadionline.com\/index.php\/wp-json\/wp\/v2\/media?parent=17892"}],"wp:term":[{"taxonomy":"category","embeddable":true,"href":"https:\/\/samantharadionline.com\/index.php\/wp-json\/wp\/v2\/categories?post=17892"},{"taxonomy":"post_tag","embeddable":true,"href":"https:\/\/samantharadionline.com\/index.php\/wp-json\/wp\/v2\/tags?post=17892"}],"curies":[{"name":"wp","href":"https:\/\/api.w.org\/{rel}","templated":true}]}}