{"id":17886,"date":"2025-08-03T11:54:48","date_gmt":"2025-08-03T15:54:48","guid":{"rendered":"https:\/\/samantharadionline.com\/?p=17886"},"modified":"2025-08-03T11:54:49","modified_gmt":"2025-08-03T15:54:49","slug":"el-fin-de-la-democracia-en-el-salvador-con-reeleccion-indefinida","status":"publish","type":"post","link":"https:\/\/samantharadionline.com\/index.php\/2025\/08\/03\/el-fin-de-la-democracia-en-el-salvador-con-reeleccion-indefinida\/","title":{"rendered":"El fin de la democracia en El Salvador con reelecci\u00f3n indefinida"},"content":{"rendered":"\n<p class=\"has-medium-font-size\"><em>En un tr\u00e1mite expr\u00e9s, el Congreso, dominado por el oficialismo, aprob\u00f3 el jueves una reforma constitucional que permite la reelecci\u00f3n indefinida, ampl\u00eda el mandato de cinco a seis a\u00f1os, y elimina la segunda vuelta electoral<\/em><\/p>\n\n\n\n<p>Agencia AFP, <strong>San Salvador, El Salvador<\/strong><\/p>\n\n\n\n<p>El presidente salvadore\u00f1o,&nbsp;<strong>Nayib Bukele,<\/strong>&nbsp;rechaz\u00f3 este domingo que la aprobaci\u00f3n en<strong>&nbsp;El Salvador&nbsp;<\/strong>de la reelecci\u00f3n presidencial indefinida sea el \u00abfin de la democracia\u00bb, al asegurar que las cr\u00edticas a esa decisi\u00f3n se deben a que la tom\u00f3 un pa\u00eds \u00abpeque\u00f1o y pobre\u00bb.<\/p>\n\n\n\n<p>En un tr\u00e1mite expr\u00e9s, el&nbsp;<strong>Congreso<\/strong>, dominado por el oficialismo, aprob\u00f3 el jueves una reforma constitucional que permite la reelecci\u00f3n indefinida, ampl\u00eda el mandato de cinco a seis a\u00f1os, y elimina la segunda vuelta electoral.<\/p>\n\n\n\n<p>En su primera reacci\u00f3n a la ola de cr\u00edticas de organismos de<strong>&nbsp;derechos humanos internacionales,<\/strong>&nbsp;Bukele asegur\u00f3 en la red social X que \u00abel 90% de los pa\u00edses desarrollados permiten la reelecci\u00f3n indefinida de su jefe de gobierno, y nadie se inmuta\u00bb.<\/p>\n\n\n\n<p>\u00abPero cuando un pa\u00eds peque\u00f1o y pobre como El Salvador intenta hacer lo mismo, de repente es el fin de la democracia\u00bb, ironiz\u00f3 el&nbsp;<strong>mandatario de 44 a\u00f1os,<\/strong>&nbsp;quien lleg\u00f3 al poder en 2019 y fue reelegido en 2024 con un 85% de votos que le permiti\u00f3 tener un control casi absoluto de todos los poderes del Estado.<\/p>\n\n\n\n<p>\u00abPor supuesto, se apresurar\u00e1n a se\u00f1alar que &#8216;un sistema parlamentario no es lo mismo que uno presidencial&#8217;, como si ese tecnicismo justificara el doble rasero. Pero seamos sinceros, eso no es m\u00e1s que un pretexto\u00bb, agreg\u00f3 en el mensaje, escrito en ingl\u00e9s.<\/p>\n\n\n\n<p>Seg\u00fan Bukele, si El Salvador se declarara una monarqu\u00eda parlamentaria \u00abcon exactamente las mismas reglas que el<strong>&nbsp;Reino Unido, Espa\u00f1a o Dinamarca\u00bb<\/strong>, las cr\u00edticas seguir\u00edan.<\/p>\n\n\n\n<p>\u00abPorque el problema no es el sistema, sino el hecho de que un pa\u00eds pobre se atreva a actuar como un pa\u00eds soberano. Se supone que no debes hacer lo que ellos hacen. Se supone que debes hacer lo que te dicen. Y se espera que te mantengas en tu carril\u00bb, a\u00f1adi\u00f3.<\/p>\n\n\n\n<p>Organizaciones como<strong>&nbsp;Amnist\u00eda Internacional, Human Rights Watch (HRW)<\/strong>, la Oficina en Washington para Asuntos Latinoamericanos (WOLA) consideraron la decisi\u00f3n como un \u00abgolpe mortal\u00bb a la democracia y una \u00abmanipulaci\u00f3n\u00bb a la Constituci\u00f3n para favorecer las ambiciones de poder de Bukele.<\/p>\n\n\n\n<p>El presidente salvadore\u00f1o, quien asegura que lo tiene sin cuidado que lo llamen \u00ab<strong>dictador<\/strong>\u00ab, goza de gran popularidad por su \u00abguerra\u00bb contra las pandillas, que inici\u00f3 en 2022 y redujo a m\u00ednimos hist\u00f3ricos la violencia en el pa\u00eds centroamericano.<\/p>\n\n\n\n<p>Pero grupos de derechos humanos critican su pol\u00edtica de seguridad porque est\u00e1 basada en un r\u00e9gimen de excepci\u00f3n que permite masivos arrestos sin orden judicial y restringe libertades.<\/p>\n\n\n\n<p>La reforma constitucional fue aprobada tras una oleada de detenciones contra defensores de derechos humanos y cr\u00edticos del gobierno, lo que ha forzado al exilio a decenas de periodistas y activistas humanitarios.<\/p>\n","protected":false},"excerpt":{"rendered":"<p>En un tr\u00e1mite expr\u00e9s, el Congreso, dominado por el oficialismo, aprob\u00f3 el jueves una reforma<\/p>\n","protected":false},"author":1,"featured_media":17887,"comment_status":"open","ping_status":"open","sticky":false,"template":"","format":"standard","meta":{"footnotes":""},"categories":[4],"tags":[],"class_list":["post-17886","post","type-post","status-publish","format-standard","has-post-thumbnail","hentry","category-mundiales"],"_links":{"self":[{"href":"https:\/\/samantharadionline.com\/index.php\/wp-json\/wp\/v2\/posts\/17886","targetHints":{"allow":["GET"]}}],"collection":[{"href":"https:\/\/samantharadionline.com\/index.php\/wp-json\/wp\/v2\/posts"}],"about":[{"href":"https:\/\/samantharadionline.com\/index.php\/wp-json\/wp\/v2\/types\/post"}],"author":[{"embeddable":true,"href":"https:\/\/samantharadionline.com\/index.php\/wp-json\/wp\/v2\/users\/1"}],"replies":[{"embeddable":true,"href":"https:\/\/samantharadionline.com\/index.php\/wp-json\/wp\/v2\/comments?post=17886"}],"version-history":[{"count":1,"href":"https:\/\/samantharadionline.com\/index.php\/wp-json\/wp\/v2\/posts\/17886\/revisions"}],"predecessor-version":[{"id":17888,"href":"https:\/\/samantharadionline.com\/index.php\/wp-json\/wp\/v2\/posts\/17886\/revisions\/17888"}],"wp:featuredmedia":[{"embeddable":true,"href":"https:\/\/samantharadionline.com\/index.php\/wp-json\/wp\/v2\/media\/17887"}],"wp:attachment":[{"href":"https:\/\/samantharadionline.com\/index.php\/wp-json\/wp\/v2\/media?parent=17886"}],"wp:term":[{"taxonomy":"category","embeddable":true,"href":"https:\/\/samantharadionline.com\/index.php\/wp-json\/wp\/v2\/categories?post=17886"},{"taxonomy":"post_tag","embeddable":true,"href":"https:\/\/samantharadionline.com\/index.php\/wp-json\/wp\/v2\/tags?post=17886"}],"curies":[{"name":"wp","href":"https:\/\/api.w.org\/{rel}","templated":true}]}}