{"id":17880,"date":"2025-08-03T11:03:44","date_gmt":"2025-08-03T15:03:44","guid":{"rendered":"https:\/\/samantharadionline.com\/?p=17880"},"modified":"2025-08-03T11:03:45","modified_gmt":"2025-08-03T15:03:45","slug":"fallecen-dos-menores-con-una-descarga-electrica-mientras-y-otro-herido","status":"publish","type":"post","link":"https:\/\/samantharadionline.com\/index.php\/2025\/08\/03\/fallecen-dos-menores-con-una-descarga-electrica-mientras-y-otro-herido\/","title":{"rendered":"Fallecen dos menores con una descarga el\u00e9ctrica mientras y otro herido"},"content":{"rendered":"\n<p class=\"has-medium-font-size\"><em>Ruth Garc\u00eda, la madre, relat\u00f3 a los medios que su hijo le hab\u00eda avisado que se ba\u00f1ar\u00eda en la lluvia, actividad que realizaba con costumbre<\/em><\/p>\n\n\n\n<figure class=\"wp-block-image\"><img decoding=\"async\" src=\"https:\/\/listindiario.com\/files\/image_60_60\/uploads\/2025\/06\/12\/684b391707e60.jpeg\" alt=\"Avatar del Nalphy Mart\u00ednez\"\/><\/figure>\n\n\n\n<p><em>\u00a0<\/em>Nalphy Mart\u00ednez, <strong>Santo Domingo, RD<\/strong><\/p>\n\n\n\n<p>Dos menores de edad fallecieron y uno result\u00f3 herido tras ser alcanzados por una fuerte descarga el\u00e9ctrica en la comunidad de Palav\u00e9, sector&nbsp;<strong>Manoguayabo<\/strong>, municipio de Santo Domingo Oeste.<\/p>\n\n\n\n<p>La madre de uno de los fallecidos,&nbsp;<strong>Ruth Garc\u00eda<\/strong>, relat\u00f3 a los medios que su hijo le hab\u00eda avisado que se ba\u00f1ar\u00eda en la lluvia, actividad que realizaba con costumbre, y esta, al no calificarlo como algo peligroso, accedi\u00f3.<\/p>\n\n\n\n<p>Sin embargo, no cont\u00f3 con la&nbsp;<strong>intensidad de la precipitaci\u00f3n<\/strong>&nbsp;y expres\u00f3 que un vecino le alert\u00f3 sobre la situaci\u00f3n y de manera inmediata sali\u00f3 a buscar a su hijo para encontrarse con \u201cla desgracia\u201d.<\/p>\n\n\n\n<p>Afectada y baja de \u00e1nimos, record\u00f3 que su hijo era el segundo de la familia e iniciar\u00eda el&nbsp;<strong>nivel secundario<\/strong>&nbsp;en el pr\u00f3ximo a\u00f1o escolar. Sue\u00f1o que no llegar\u00eda a ver materializarse.<\/p>\n\n\n\n<p>\u201c<strong>Un hijo es un alma de uno;&nbsp;<\/strong>cuando se le van, se le va un pedazo de alma a uno y m\u00e1s cuando usted no lo espera\u201d, expres\u00f3.<\/p>\n\n\n\n<p>El padre de uno de los menores se encuentra en el<strong>&nbsp;Instituto Nacional de Ciencias Forenses<\/strong>&nbsp;(Inacif), donde recibir\u00e1 el cuerpo y planean velarlo hoy mismo para sepultarlo en el&nbsp;<strong>Cementerio Cristo Redentor<\/strong>, ubicado en la avenida Monumental.<\/p>\n\n\n\n<p>Las v\u00edctimas de la tragedia ocurrida la tarde de este s\u00e1bado fueron identificadas como Yeuri Charles y Yeidrian de los Santos. Mientras tanto, el lesionado fue ingresado en el&nbsp;<strong>Hospital General Doctor Vinicio Calventi en Los Alcarrizos<\/strong>.<\/p>\n","protected":false},"excerpt":{"rendered":"<p>Ruth Garc\u00eda, la madre, relat\u00f3 a los medios que su hijo le hab\u00eda avisado que<\/p>\n","protected":false},"author":1,"featured_media":17881,"comment_status":"open","ping_status":"open","sticky":false,"template":"","format":"standard","meta":{"footnotes":""},"categories":[12],"tags":[],"class_list":["post-17880","post","type-post","status-publish","format-standard","has-post-thumbnail","hentry","category-nacionales"],"_links":{"self":[{"href":"https:\/\/samantharadionline.com\/index.php\/wp-json\/wp\/v2\/posts\/17880","targetHints":{"allow":["GET"]}}],"collection":[{"href":"https:\/\/samantharadionline.com\/index.php\/wp-json\/wp\/v2\/posts"}],"about":[{"href":"https:\/\/samantharadionline.com\/index.php\/wp-json\/wp\/v2\/types\/post"}],"author":[{"embeddable":true,"href":"https:\/\/samantharadionline.com\/index.php\/wp-json\/wp\/v2\/users\/1"}],"replies":[{"embeddable":true,"href":"https:\/\/samantharadionline.com\/index.php\/wp-json\/wp\/v2\/comments?post=17880"}],"version-history":[{"count":1,"href":"https:\/\/samantharadionline.com\/index.php\/wp-json\/wp\/v2\/posts\/17880\/revisions"}],"predecessor-version":[{"id":17882,"href":"https:\/\/samantharadionline.com\/index.php\/wp-json\/wp\/v2\/posts\/17880\/revisions\/17882"}],"wp:featuredmedia":[{"embeddable":true,"href":"https:\/\/samantharadionline.com\/index.php\/wp-json\/wp\/v2\/media\/17881"}],"wp:attachment":[{"href":"https:\/\/samantharadionline.com\/index.php\/wp-json\/wp\/v2\/media?parent=17880"}],"wp:term":[{"taxonomy":"category","embeddable":true,"href":"https:\/\/samantharadionline.com\/index.php\/wp-json\/wp\/v2\/categories?post=17880"},{"taxonomy":"post_tag","embeddable":true,"href":"https:\/\/samantharadionline.com\/index.php\/wp-json\/wp\/v2\/tags?post=17880"}],"curies":[{"name":"wp","href":"https:\/\/api.w.org\/{rel}","templated":true}]}}