{"id":17877,"date":"2025-08-03T10:55:39","date_gmt":"2025-08-03T14:55:39","guid":{"rendered":"https:\/\/samantharadionline.com\/?p=17877"},"modified":"2025-08-03T10:55:40","modified_gmt":"2025-08-03T14:55:40","slug":"cinco-anos-de-obras-y-logros-gubernamentales","status":"publish","type":"post","link":"https:\/\/samantharadionline.com\/index.php\/2025\/08\/03\/cinco-anos-de-obras-y-logros-gubernamentales\/","title":{"rendered":"Cinco a\u00f1os de \u201cobras y logros\u201d gubernamentales"},"content":{"rendered":"\n<p class=\"has-medium-font-size\"><em>El PRM hizo la convocatoria bajo el mote de \u201ccelebraci\u00f3n cinco a\u00f1os de gesti\u00f3n del presidente Luis Abinader\u201d<\/em><\/p>\n\n\n\n<figure class=\"wp-block-image\"><img decoding=\"async\" src=\"https:\/\/listindiario.com\/files\/image_60_60\/uploads\/2023\/05\/16\/64638cfd2419c.jpeg\" alt=\"Avatar del Javier Flores\"\/><\/figure>\n\n\n\n<p><em>\u00a0<\/em>Javier Flores, <strong>Santo Domingo, RD<\/strong><\/p>\n\n\n\n<p>A pesar de que no es una obligaci\u00f3n constitucional, fuera de los a\u00f1os en donde suceden los actos de \u201cToma de Posesi\u00f3n\u201d marcando el inicio de una nueva gesti\u00f3n de Gobierno como en 2024 y 2020, el presidente Luis Abinader ha hecho costumbre emitir un discurso cada mes de agosto, alrededor del 16, conmemorando un a\u00f1o m\u00e1s de gesti\u00f3n.<\/p>\n\n\n\n<p>Este a\u00f1o el PRM hizo la convocatoria bajo el mote de \u201ccelebraci\u00f3n cinco a\u00f1os de gesti\u00f3n del presidente Luis Abinader\u201d.&nbsp;<\/p>\n\n\n\n<p>Mediante la nota informativa, el acto est\u00e1 convocado para el domingo 17 de agosto a las 9:00 de la ma\u00f1ana en el sal\u00f3n de eventos de Sans Souci, en Santo Domingo Este; el presidente del PRM, Jos\u00e9 Ignacio Paliza, llam\u00f3 a los perremeistas a acudir en respaldo a los primeros cinco a\u00f1os de gobierno de esta organizaci\u00f3n \u201cPor cinco a\u00f1os de grandes realizaciones\u201d.&nbsp;<\/p>\n\n\n\n<p>En el mismo se espera la asistencia de dirigentes nacionales, Direcci\u00f3n Ejecutiva, Comit\u00e9 Nacional, militantes, dirigentes municipales y provinciales de la organizaci\u00f3n; el escenario podr\u00eda definirse como un acto proselitista, en donde se promueva el accionar de Abinader y de su gabinete ministerial.<\/p>\n\n\n\n<p>Por igual, en medio de una carrera por la candidatura presidencial que involucra a seis de los aspirantes ocupando una posici\u00f3n en el Estado, y otra que goza de un cargo electivo y una alta posici\u00f3n dentro del partido, el escenario podr\u00eda prestarse para que estos midan fuerzas para saber qui\u00e9n cuenta con el apoyo de la mayor\u00eda de los dirigentes y miembros del partido oficialista.<\/p>\n\n\n\n<h3 class=\"wp-block-heading\">Lo anunciado en Otros a\u00f1os por Abinader<\/h3>\n\n\n\n<p>En 2021, en una alocuci\u00f3n grabada producida desde el Palacio Nacional, Abinader opt\u00f3 por impulsar las 12 reformas que su Gobierno, el cual apenas cumpl\u00eda un a\u00f1o, en b\u00fasqueda de producir una segunda restauraci\u00f3n institucional y material para&nbsp; Rep\u00fablica Dominicana.<\/p>\n\n\n\n<p>En esa alocuci\u00f3n, en donde habl\u00f3 sobre los logros de su primer a\u00f1o a cargo del Poder Ejecutivo y como el pa\u00eds hab\u00eda comenzado a sobrepasar los embistes de la pandemia del Covid-19, Abinader comenz\u00f3 a hablar de que propondr\u00eda una reforma constitucional para consolidar la independencia del Ministerio P\u00fablico y \u201cblindar los avances democr\u00e1ticos que hemos conseguido\u201d.<\/p>\n\n\n\n<p>Adem\u00e1s manifest\u00f3 que convocar\u00eda a los partidos pol\u00edticos para un \u201cDi\u00e1logo por las Reformas\u201d, donde hablar\u00eda sobre la modificaci\u00f3n constitucional y otras propuestas como una reforma fiscal. Esa reforma constitucional tom\u00f3 otros tres a\u00f1os para ser lograda.<\/p>\n\n\n\n<p>Para 2022, Abinader llev\u00f3 su discurso hacia Santiago de los Caballeros se\u00f1al\u00f3 que su Gobierno culminar\u00e1 \u201ccueste lo que cueste\u201d la implementaci\u00f3n de la reforma a la Polic\u00eda Nacional, aunque recalc\u00f3 que los resultados de la misma no \u201cser\u00e1n inmediatos\u201d.<\/p>\n\n\n\n<p>Durante su discurso, en donde pas\u00f3 balance a su segundo a\u00f1o de gesti\u00f3n, el jefe de Estado inform\u00f3 que en los pr\u00f3ximos d\u00edas inaugurar\u00e1 una \u201cUnidad T\u00e1ctica de Drones\u201d de la Polic\u00eda Nacional, que contar\u00e1 con 16 drones y 42 pilotos y que \u201cfacilitar\u00e1\u201d las labores de los agentes del cuerpo del orden que tienen como tarea principal patrullar en las calles.<\/p>\n\n\n\n<p>Para 2023, el mandatario ten\u00eda pautado realizar lo mismo desde Cabo Rojo en Pedernales pero la misma fue suspendida debido a que d\u00edas anteriores, sucedi\u00f3 la explosi\u00f3n en San Crist\u00f3bal que ocasion\u00f3 la muerte de m\u00e1s de 40 personas.<\/p>\n\n\n\n<p>En las tres ocasiones, la convocatoria y los lugares fueron manejados desde el la Presidencia de la Rep\u00fablica y los voceros gubernamentales. Sin embargo, para este 2025, en ocasi\u00f3n del primer a\u00f1o de su segundo mandato, el anuncio de este discurso se produjo desde el propio Partido Revolucionario Moderno (PRM).<\/p>\n","protected":false},"excerpt":{"rendered":"<p>El PRM hizo la convocatoria bajo el mote de \u201ccelebraci\u00f3n cinco a\u00f1os de gesti\u00f3n del<\/p>\n","protected":false},"author":1,"featured_media":17878,"comment_status":"open","ping_status":"open","sticky":false,"template":"","format":"standard","meta":{"footnotes":""},"categories":[12],"tags":[],"class_list":["post-17877","post","type-post","status-publish","format-standard","has-post-thumbnail","hentry","category-nacionales"],"_links":{"self":[{"href":"https:\/\/samantharadionline.com\/index.php\/wp-json\/wp\/v2\/posts\/17877","targetHints":{"allow":["GET"]}}],"collection":[{"href":"https:\/\/samantharadionline.com\/index.php\/wp-json\/wp\/v2\/posts"}],"about":[{"href":"https:\/\/samantharadionline.com\/index.php\/wp-json\/wp\/v2\/types\/post"}],"author":[{"embeddable":true,"href":"https:\/\/samantharadionline.com\/index.php\/wp-json\/wp\/v2\/users\/1"}],"replies":[{"embeddable":true,"href":"https:\/\/samantharadionline.com\/index.php\/wp-json\/wp\/v2\/comments?post=17877"}],"version-history":[{"count":1,"href":"https:\/\/samantharadionline.com\/index.php\/wp-json\/wp\/v2\/posts\/17877\/revisions"}],"predecessor-version":[{"id":17879,"href":"https:\/\/samantharadionline.com\/index.php\/wp-json\/wp\/v2\/posts\/17877\/revisions\/17879"}],"wp:featuredmedia":[{"embeddable":true,"href":"https:\/\/samantharadionline.com\/index.php\/wp-json\/wp\/v2\/media\/17878"}],"wp:attachment":[{"href":"https:\/\/samantharadionline.com\/index.php\/wp-json\/wp\/v2\/media?parent=17877"}],"wp:term":[{"taxonomy":"category","embeddable":true,"href":"https:\/\/samantharadionline.com\/index.php\/wp-json\/wp\/v2\/categories?post=17877"},{"taxonomy":"post_tag","embeddable":true,"href":"https:\/\/samantharadionline.com\/index.php\/wp-json\/wp\/v2\/tags?post=17877"}],"curies":[{"name":"wp","href":"https:\/\/api.w.org\/{rel}","templated":true}]}}