{"id":17874,"date":"2025-08-03T10:53:11","date_gmt":"2025-08-03T14:53:11","guid":{"rendered":"https:\/\/samantharadionline.com\/?p=17874"},"modified":"2025-08-03T10:53:12","modified_gmt":"2025-08-03T14:53:12","slug":"el-retorno-de-gonzalo-al-escenario-politico","status":"publish","type":"post","link":"https:\/\/samantharadionline.com\/index.php\/2025\/08\/03\/el-retorno-de-gonzalo-al-escenario-politico\/","title":{"rendered":"El retorno de Gonzalo al escenario pol\u00edtico"},"content":{"rendered":"\n<p class=\"has-medium-font-size\"><em>Gonzalo en el escenario p\u00fablico ha provocado que m\u00faltiples personas y dirigentes medios del PLD promuevan al excandidato presidencial para que ocupe nueva vez la candidatura en el 2028<\/em><\/p>\n\n\n\n<figure class=\"wp-block-image\"><img decoding=\"async\" src=\"https:\/\/listindiario.com\/files\/image_60_60\/uploads\/2023\/05\/16\/64638cfd2419c.jpeg\" alt=\"Avatar del Javier Flores\"\/><\/figure>\n\n\n\n<p><em>\u00a0<\/em>Javier Flores, <strong>Santo Domingo, RD<\/strong><\/p>\n\n\n\n<p>Durante una de sus visitas a la Fiscal\u00eda del Distrito Nacional, en seguimiento al proceso judicial que se lleva en su contra, el excandidato presidencial del&nbsp;<strong>Partido de la Liberaci\u00f3n Dominicana<\/strong>&nbsp;(PLD),&nbsp;<strong>Gonzalo Castillo<\/strong>, fue abordado hace un tiempo por varios reporteros sobre cu\u00e1l ser\u00eda su futuro en el \u00e1mbito pol\u00edtico.<\/p>\n\n\n\n<p>Al responderle a un reportero de EN Televisi\u00f3n, Castillo manifest\u00f3 que no tiene intenciones inmediatas; sin embargo, dej\u00f3 entrever que de aqu\u00ed a cuando se escenifique el proceso interno para escoger la candidatura presidencial esa posici\u00f3n \u201cpodr\u00eda cambiar\u201d.<\/p>\n\n\n\n<p>\u201cNo tengo esas aspiraciones ahora, pero a dos a\u00f1os de distancia es imposible decir qu\u00e9 hechos puedan cambiar\u201d, expres\u00f3 Castillo.<\/p>\n\n\n\n<p>En esa misma intervenci\u00f3n, el exfuncionario reafirm\u00f3 que el PLD se mantendr\u00e1 unido en torno al candidato con mayor nivel de aceptaci\u00f3n popular de cara a las pr\u00f3ximas elecciones.<\/p>\n\n\n\n<p>\u201cEl que marque m\u00e1s alto, el partido se unir\u00e1 y lo apoyar\u00e1 en todas las maneras. Porque al Gobierno no llega un presidente o un candidato, llega todo un partido y un equipo t\u00e9cnico experimentado de trabajo\u201d, dijo.<\/p>\n\n\n\n<p>Al dejar abierta una posibilidad de volver a aspirar a la Presidencia de la Rep\u00fablica en el pr\u00f3ximo proceso electoral, se contradice la posici\u00f3n previamente por el propio exfunionario cuando a finales del mes de febrero envi\u00f3 una carta a las autoridades del partido morado solicitando no ser incluido en las discusiones internas sobre posibles precandidaturas presidenciales.<\/p>\n\n\n\n<p>Meses previos a esa declaraci\u00f3n, Castillo por igual rechaz\u00f3 seguir siendo parte del comit\u00e9 pol\u00edtico sin dar a conocer una raz\u00f3n espec\u00edfica.<\/p>\n\n\n\n<p>Ambas posiciones en concordancia con el perfil bajo que hab\u00eda mantenido Desde que en julio de 2020 perdiera los comicios presidenciales de manos de Luis Abinader, alcanzando poco m\u00e1s del 30% de los votos; en parte debido al proceso judicial que se llev\u00f3 en su contra una vez asumieron las nuevas autoridades del Ministerio P\u00fablico.<\/p>\n\n\n\n<p>El exfuncionario es uno de los principales implicados en un caso de supuesta corrupci\u00f3n administrativa y es acusado de distraer<strong>&nbsp;19,000 millones del Estado<\/strong>&nbsp;en la compra de terrenos declarados en utilidad p\u00fablica y en la supuesta extorsi\u00f3n a bancas de loter\u00edas. Por el caso, Castillo estuvo bajo arresto domiciliario como medida de coerci\u00f3n y actualmente tiene impedimento de salida y pago garant\u00eda econ\u00f3mica.<\/p>\n\n\n\n<p>Sin embargo, en las \u00faltimas semanas el exministro de Obras P\u00fablicas ha vuelto a reaparecer en el escenario pol\u00edtico.<\/p>\n\n\n\n<p>Todo empez\u00f3 cuando a inicios del mes de julio realizar un post en la red social de X donde inst\u00f3 a los peledeistas a seguir \u201ctrabajando juntos, con humildad y compromiso\u201d.<\/p>\n\n\n\n<p>\u201cEl PLD es m\u00e1s que un partido, es una familia forjada en lucha, servicio y amor por nuestro pueblo. Hoy, m\u00e1s que nunca, la unidad y el respeto entre compa\u00f1eros son el camino para renovar la esperanza de los Dominicanos. Sigamos trabajando juntos, con humildad y compromiso\u201d, fue lo posteado por el exministro de Obras P\u00fablicas y Comunicaciones la noche del mi\u00e9rcoles, marcando la primera vez que Castillo se coloca en la palestra p\u00fablica desde que a finales del mes de febrero este enviara su carta pidiendo ser desestimado de la contienda interna.<\/p>\n\n\n\n<p>El excandidato presidencial, quien se adjudic\u00f3 su posici\u00f3n en la boleta electoral del 2020 tras vencer a Leonel Fern\u00e1ndez en las primarias del PLD en octubre del 2019, colg\u00f3 junto al mensaje una fotograf\u00eda con la gorra morada de su partido.<\/p>\n\n\n\n<p>Por igual, el miembro del Comit\u00e9 Central de la organizaci\u00f3n pol\u00edtica realiz\u00f3 su validaci\u00f3n como miembro de ese organismo de direcci\u00f3n partidaria y presidente de Comit\u00e9 de Base.<\/p>\n\n\n\n<p>Castillo se aperson\u00f3 a la Casa Nacional Reinaldo Pared P\u00e9rez, siendo recibido por el secretario general, Johnny Pujols, los miembros del Comit\u00e9 Pol\u00edtico Melanio Paredes, quien es el enlace de Circunscripci\u00f3n Uno del Distrito Nacional, Rub\u00e9n Bichara, coordinador de la Comisi\u00f3n de implementaci\u00f3n de la L\u00ednea Organizativa y Electoral y Margarita Pimentel, as\u00ed como el coordinador del recinto electoral, Rufino Acosta, entre otros dirigentes.<\/p>\n\n\n\n<p>Antes de estampar su firma en el acta que valida su membres\u00eda, Castillo agradeci\u00f3 el recibimiento de los presentes y reafirm\u00f3 su compromiso e identificaci\u00f3n con la l\u00ednea organizativa trazada por el X Congreso Ordinario Reinaldo Pared P\u00e9rez, que vincula los organismos territoriales con los recintos y colegios electorales.<\/p>\n\n\n\n<p>\u201cEstoy aqu\u00ed cumpliendo con una responsabilidad y con el mandato del Congreso Reinaldo Pared P\u00e9rez, para continuar con la l\u00ednea organizativa y de trabajo del Partido. Para m\u00ed es motivo de orgullo poder cumplir con este mandato y ratificar mi membres\u00eda despu\u00e9s de 46 a\u00f1os de militancia\u201d, expres\u00f3 Castillo.<\/p>\n\n\n\n<p>El dirigente exhort\u00f3 a los militantes que a\u00fan no han validado su membres\u00eda cumplir con esta responsabilidad, con el objetivo de ser ubicados correctamente en su recinto de votaci\u00f3n correspondiente y adaptarse a la nueva estructura organizativa del PLD.<\/p>\n\n\n\n<p>\u201cComo dijo un compa\u00f1ero, estamos pasando de una estructura de masas a una estructura electoral\u201d, subray\u00f3 el exfuncionario.<\/p>\n\n\n\n<p>La reapareci\u00f3n de Gonzalo el escenario p\u00fablico ha provocado que m\u00faltiples personas y dirigentes medios del PLD promuevan al excandidato presidencial para que ocupe nueva vez la candidatura en el 2028.<\/p>\n\n\n\n<h3 class=\"wp-block-heading\">\u00bfPosibilidad de bloque opositor?<\/h3>\n\n\n\n<p>La reaparici\u00f3n de Gonzalo ha realentado la posibilidad de que un bloque opositor se enfrente al Partido Revolucionario Moderno (PRM) durante el proceso del 2028.<\/p>\n\n\n\n<p>La idea se trat\u00f3 de concretar en el pasado proceso electoral, con un bloque encabezado por una alianza entre el Partido de la Liberaci\u00f3n Dominicana (PLD) y la Fuerza del Pueblo, sea qui\u00e9n enfrente a Luis Abinader y al Partido Revolucionario Moderno (PRM) nunca fue materializada.<\/p>\n\n\n\n<p>A pesar de varios encuentros, caravanas conjuntas, eventos masivos y la coordinaci\u00f3n de Miguel Vargas Maldonado, presidente del Partido Revolucionario Dominicano (PRD); el acuerdo no pas\u00f3 de los niveles medios de esos partidos, aunque s\u00ed se logr\u00f3 a pactar de apoyar varias candidaturas conjuntas.<\/p>\n\n\n\n<p>El resultado de ello fue la victoria convincente del presidente Abinader en las elecciones de mayo pasado, mientras Leonel Fern\u00e1ndez, candidato de la Fuerza del Pueblo, qued\u00f3 en un lejano segundo lugar y Abel Mart\u00ednez, el del PLD, apenas rompi\u00f3 la barrera del 10% de los votos.<\/p>\n\n\n\n<p>Quedando poco m\u00e1s de dos a\u00f1os para que los partidos tengan que decidir sobre qui\u00e9nes ser\u00e1n sus candidatos, desde ya hay quienes han manifestado que la oposici\u00f3n debe de unirse en una candidatura presidencial \u00fanica en para tener una oportunidad de vencer al partido oficialista en mayo del 2028.<\/p>\n\n\n\n<p>Uno de ellos es el dirigente pol\u00edtico y secretario general del Foro Permanente de Partidos Pol\u00edticos (Fopppredom), Jos\u00e9 Francisco Pe\u00f1a Guaba, quien indic\u00f3 que la boleta presidencial unificada deber\u00eda ser encabezada por Leonel y Gonzalo Castillo.<\/p>\n\n\n\n<p>\u00abSoy oposici\u00f3n desde 2019 y lo ser\u00e9 hasta 2028 al parecer, convencido unidad para derrotar al oficialismo debe existir un acuerdo serio para oposici\u00f3n presentar a elecciones los mismos candidatos en todos los niveles de elecci\u00f3n y la dupla presidencial de consenso es Leonel- Gonzalo\u00bb, manifest\u00f3 el tambi\u00e9n presidente del Bloque Institucional Socialista (BIS).<\/p>\n\n\n\n<p>Fern\u00e1ndez ha sido el candidato en los \u00faltimos dos procesos electorales de la Fuerza del Pueblo y aparenta ir a un tercero, ya que nadie ha presentado aspiraciones dentro del partido opositor.<\/p>\n","protected":false},"excerpt":{"rendered":"<p>Gonzalo en el escenario p\u00fablico ha provocado que m\u00faltiples personas y dirigentes medios del PLD<\/p>\n","protected":false},"author":1,"featured_media":17875,"comment_status":"open","ping_status":"open","sticky":false,"template":"","format":"standard","meta":{"footnotes":""},"categories":[12],"tags":[],"class_list":["post-17874","post","type-post","status-publish","format-standard","has-post-thumbnail","hentry","category-nacionales"],"_links":{"self":[{"href":"https:\/\/samantharadionline.com\/index.php\/wp-json\/wp\/v2\/posts\/17874","targetHints":{"allow":["GET"]}}],"collection":[{"href":"https:\/\/samantharadionline.com\/index.php\/wp-json\/wp\/v2\/posts"}],"about":[{"href":"https:\/\/samantharadionline.com\/index.php\/wp-json\/wp\/v2\/types\/post"}],"author":[{"embeddable":true,"href":"https:\/\/samantharadionline.com\/index.php\/wp-json\/wp\/v2\/users\/1"}],"replies":[{"embeddable":true,"href":"https:\/\/samantharadionline.com\/index.php\/wp-json\/wp\/v2\/comments?post=17874"}],"version-history":[{"count":1,"href":"https:\/\/samantharadionline.com\/index.php\/wp-json\/wp\/v2\/posts\/17874\/revisions"}],"predecessor-version":[{"id":17876,"href":"https:\/\/samantharadionline.com\/index.php\/wp-json\/wp\/v2\/posts\/17874\/revisions\/17876"}],"wp:featuredmedia":[{"embeddable":true,"href":"https:\/\/samantharadionline.com\/index.php\/wp-json\/wp\/v2\/media\/17875"}],"wp:attachment":[{"href":"https:\/\/samantharadionline.com\/index.php\/wp-json\/wp\/v2\/media?parent=17874"}],"wp:term":[{"taxonomy":"category","embeddable":true,"href":"https:\/\/samantharadionline.com\/index.php\/wp-json\/wp\/v2\/categories?post=17874"},{"taxonomy":"post_tag","embeddable":true,"href":"https:\/\/samantharadionline.com\/index.php\/wp-json\/wp\/v2\/tags?post=17874"}],"curies":[{"name":"wp","href":"https:\/\/api.w.org\/{rel}","templated":true}]}}