{"id":17858,"date":"2025-08-02T10:12:33","date_gmt":"2025-08-02T14:12:33","guid":{"rendered":"https:\/\/samantharadionline.com\/?p=17858"},"modified":"2025-08-02T10:12:34","modified_gmt":"2025-08-02T14:12:34","slug":"duque-denuncia-irregularidades-en-el-caso-de-uribe-y-reclama-accion-internacional","status":"publish","type":"post","link":"https:\/\/samantharadionline.com\/index.php\/2025\/08\/02\/duque-denuncia-irregularidades-en-el-caso-de-uribe-y-reclama-accion-internacional\/","title":{"rendered":"Duque denuncia irregularidades en el caso de Uribe y reclama \u00abacci\u00f3n\u00bb internacional"},"content":{"rendered":"\n<p class=\"has-medium-font-size\"><em>Esta petici\u00f3n llega despu\u00e9s de que una jueza de Bogot\u00e1 haya anunciado este viernes la condena a doce a\u00f1os de arresto domiciliario al expresidente de Colombia \u00c1lvaro Uribe (2002-2010).<\/em><\/p>\n\n\n\n<p>Europa Press, <strong>Madrid, Espa\u00f1a\u00a0<\/strong><\/p>\n\n\n\n<p>El expresidente colombiano&nbsp;<strong>Iv\u00e1n Duque<\/strong>&nbsp;defiende la inocencia del reci\u00e9n condenado&nbsp;<strong>\u00c1lvaro Uribe<\/strong>&nbsp;y ha denunciado \u00abgraves irregularidades\u00bb en su caso, apelando a la comunidad internacional para que tome \u00abacci\u00f3n\u00bb ante las \u00abinjusticias\u00bb cometidas contra el tambi\u00e9n exmandatario y en favor del Estado de derecho y los Derechos Humanos.<\/p>\n\n\n\n<p>\u00abEl d\u00eda de hoy, un grupo de expresidentes, cerca de 28, que somos miembros del Grupo Libertad y Democracia y del Grupo IDEA, hemos enviado una comunicaci\u00f3n a varias organizaciones y organismos del sistema interamericano y tambi\u00e9n de la Organizaci\u00f3n de Naciones Unidas pidiendo la atenci\u00f3n y la acci\u00f3n frente a todas las irregularidades que se han presentado en el proceso contra \u00c1lvaro Uribe V\u00e9lez. Por supuesto, tambi\u00e9n estamos mostrando c\u00f3mo muchas de esas irregularidades van en contrav\u00eda de tratados internacionales que protegen y tutelan los derechos humanos\u00bb, ha manifestado Duque, firmante de un comunicado conjunto publicado en sus redes sociales.<\/p>\n\n\n\n<p>En la nota se denuncia la \u00abinterceptaci\u00f3n ilegal de comunicaciones privadas\u00bb, \u00abfiltraciones selectivas a medios de comunicaci\u00f3n\u00bb, \u00absustento en testimonios no confiables\u00bb y un \u00abcambio intempestivo en la postura de la&nbsp;<strong>Fiscal\u00eda General de la Naci\u00f3n\u00bb,<\/strong>&nbsp;entre otras de las presuntas \u00abanomal\u00edas procesales\u00bb cometidas en el procedimiento judicial que ha culminado con una condena a 12 a\u00f1os de arresto domiciliario para Uribe.<\/p>\n\n\n\n<p>As\u00ed las cosas, Duque y el resto de signatarios reclaman que \u00abse ampare el derecho fundamental, interamericano y humano al debido proceso y a la debida defensa; se active el monitoreo internacional del proceso pertinente (&#8230;); se impongan medidas de protecci\u00f3n, de conformidad con los mandatos internacionales en materia de derechos humanos; y se solicite al Estado colombiano informaci\u00f3n detallada, inmediata y completa sobre los est\u00e1ndares procesales aplicados y los correctivos implementados para garantizar un juicio justo\u00bb, contin\u00faa el escrito.<\/p>\n\n\n\n<p>El objetivo de este reclamo, insisten, no es otro que \u00abdenunciar un patr\u00f3n hist\u00f3rico estructural previo\u00bb de la Justicia colombiana cuyos efectos han dado lugar a una condena que \u00abexige una atenci\u00f3n oportuna desde los \u00f3rganos internacionales\u00bb, a los que \u00abrespetuosamente\u00bb han solicitado que concedan al caso \u00abla total prioridad que amerita\u00bb para evitar que se consolide como un precedente contrario a los sistemas Universal e Interamericano de Derechos Humanos.<\/p>\n\n\n\n<p>Esta petici\u00f3n llega despu\u00e9s de que una jueza de Bogot\u00e1 haya anunciado este viernes la condena a doce a\u00f1os de arresto domiciliario al expresidente de Colombia \u00c1lvaro Uribe (2002-2010), tras ser declarado culpable esta misma semana por soborno de testigos en actuaci\u00f3n penal y por fraude procesal, si bien fue absuelto de un cargo de soborno simple, en el marco de un caso que se remonta a 2012.<\/p>\n\n\n\n<p>El caso comenz\u00f3 en 2012 cuando Uribe denunci\u00f3 al senador Iv\u00e1n Cepeda, asegurando que este hab\u00eda recorrido las c\u00e1rceles del pa\u00eds para presentar falsos testimonios en su contra sobre el surgimiento del paramilitarismo en la regi\u00f3n de Antioquia.<\/p>\n\n\n\n<p>Sin embargo, tras la aportaci\u00f3n de pruebas, varias versiones indicaron que los abogados del expresidente buscaban manipular a testigos para que apuntaran a&nbsp;<strong>Cepeda<\/strong>, por lo que este \u00faltimo pas\u00f3 de acusado a v\u00edctima, al contrario que Uribe, demandante, quien se convirti\u00f3 en investigado.<\/p>\n","protected":false},"excerpt":{"rendered":"<p>Esta petici\u00f3n llega despu\u00e9s de que una jueza de Bogot\u00e1 haya anunciado este viernes la<\/p>\n","protected":false},"author":1,"featured_media":17859,"comment_status":"open","ping_status":"open","sticky":false,"template":"","format":"standard","meta":{"footnotes":""},"categories":[4],"tags":[],"class_list":["post-17858","post","type-post","status-publish","format-standard","has-post-thumbnail","hentry","category-mundiales"],"_links":{"self":[{"href":"https:\/\/samantharadionline.com\/index.php\/wp-json\/wp\/v2\/posts\/17858","targetHints":{"allow":["GET"]}}],"collection":[{"href":"https:\/\/samantharadionline.com\/index.php\/wp-json\/wp\/v2\/posts"}],"about":[{"href":"https:\/\/samantharadionline.com\/index.php\/wp-json\/wp\/v2\/types\/post"}],"author":[{"embeddable":true,"href":"https:\/\/samantharadionline.com\/index.php\/wp-json\/wp\/v2\/users\/1"}],"replies":[{"embeddable":true,"href":"https:\/\/samantharadionline.com\/index.php\/wp-json\/wp\/v2\/comments?post=17858"}],"version-history":[{"count":1,"href":"https:\/\/samantharadionline.com\/index.php\/wp-json\/wp\/v2\/posts\/17858\/revisions"}],"predecessor-version":[{"id":17860,"href":"https:\/\/samantharadionline.com\/index.php\/wp-json\/wp\/v2\/posts\/17858\/revisions\/17860"}],"wp:featuredmedia":[{"embeddable":true,"href":"https:\/\/samantharadionline.com\/index.php\/wp-json\/wp\/v2\/media\/17859"}],"wp:attachment":[{"href":"https:\/\/samantharadionline.com\/index.php\/wp-json\/wp\/v2\/media?parent=17858"}],"wp:term":[{"taxonomy":"category","embeddable":true,"href":"https:\/\/samantharadionline.com\/index.php\/wp-json\/wp\/v2\/categories?post=17858"},{"taxonomy":"post_tag","embeddable":true,"href":"https:\/\/samantharadionline.com\/index.php\/wp-json\/wp\/v2\/tags?post=17858"}],"curies":[{"name":"wp","href":"https:\/\/api.w.org\/{rel}","templated":true}]}}