{"id":17851,"date":"2025-08-02T10:06:06","date_gmt":"2025-08-02T14:06:06","guid":{"rendered":"https:\/\/samantharadionline.com\/?p=17851"},"modified":"2025-08-02T10:06:07","modified_gmt":"2025-08-02T14:06:07","slug":"se-pronostican-aguaceros-y-posibles-inundaciones-urbanas-este-sabado","status":"publish","type":"post","link":"https:\/\/samantharadionline.com\/index.php\/2025\/08\/02\/se-pronostican-aguaceros-y-posibles-inundaciones-urbanas-este-sabado\/","title":{"rendered":"Se pronostican aguaceros y posibles inundaciones urbanas este s\u00e1bado"},"content":{"rendered":"\n<p class=\"has-medium-font-size\"><em>Temperatura m\u00ednima oscilar\u00e1 entre 21 \u00b0C y 23 \u00b0C, y la m\u00e1xima entre 33 \u00b0C y 35 \u00b0C.<\/em><\/p>\n\n\n\n<p><strong>Santo Domingo, RD<\/strong><\/p>\n\n\n\n<p>El&nbsp;<strong>Instituto Dominicano de Meteorolog\u00eda<\/strong>&nbsp;(<strong>Indomet<\/strong>) inform\u00f3 que,&nbsp; para la tarde y noche de este s\u00e1bado, una onda tropical provocar\u00e1 aguaceros moderados a fuertes, tormentas el\u00e9ctricas, r\u00e1fagas de viento e inundaciones urbanas.<\/p>\n\n\n\n<p>Las lluvias ser\u00e1n especialmente en las provincias: Monte Plata, El Gran Santo Domingo, La Romana, San Pedro de Macor\u00eds, San Crist\u00f3bal, Monse\u00f1or Nouel, La Vega, San Juan, El\u00edas Pi\u00f1a y Baoruco, entre otras cercanas.<\/p>\n\n\n\n<p>\u00abMa\u00f1ana domingo, desde tempranas horas y durante la ma\u00f1ana, el ambiente estar\u00e1 muy propicio, para que se generen chubascos con tormentas el\u00e9ctricas y aisladas r\u00e1fagas de viento, principalmente en provincias del litoral Caribe\u00f1o, como resultado de la influencia de la onda tropical. En la tarde hasta primeras horas de la noche, las precipitaciones se intensificar\u00e1n en forma de aguaceros moderados a fuertes con tormentas el\u00e9ctricas y r\u00e1fagas de viento, principalmente en poblados de las regiones: noreste, sureste, Cordillera Central y zona fronteriza\u00bb.<\/p>\n\n\n\n<p>Indomet advierte de que contin\u00faan las altas temperaturas.<\/p>\n\n\n\n<p>Una de las caracter\u00edsticas del verano, son las temperaturas calurosas asociadas a varios factores, muchas horas de luz solar, viento del sureste y fen\u00f3menos como el polvo del Sahara. Por lo tanto, se mantiene la recomendaci\u00f3n de ingerir suficientes l\u00edquidos, vestir ropas ligeras de colores claros, buscar lugares frescos y ventilados, tener muy presente que los ni\u00f1os y envejecientes son m\u00e1s susceptibles a los efectos de la sensaci\u00f3n t\u00e9rmica elevada.<\/p>\n\n\n\n<h3 class=\"wp-block-heading\">Temperatura<\/h3>\n\n\n\n<p>La temperatura m\u00ednima oscilar\u00e1 entre 21 \u00b0C y 23 \u00b0C, y la m\u00e1xima entre 33 \u00b0C y 35 \u00b0C.<\/p>\n","protected":false},"excerpt":{"rendered":"<p>Temperatura m\u00ednima oscilar\u00e1 entre 21 \u00b0C y 23 \u00b0C, y la m\u00e1xima entre 33 \u00b0C<\/p>\n","protected":false},"author":1,"featured_media":17852,"comment_status":"open","ping_status":"open","sticky":false,"template":"","format":"standard","meta":{"footnotes":""},"categories":[12],"tags":[],"class_list":["post-17851","post","type-post","status-publish","format-standard","has-post-thumbnail","hentry","category-nacionales"],"_links":{"self":[{"href":"https:\/\/samantharadionline.com\/index.php\/wp-json\/wp\/v2\/posts\/17851","targetHints":{"allow":["GET"]}}],"collection":[{"href":"https:\/\/samantharadionline.com\/index.php\/wp-json\/wp\/v2\/posts"}],"about":[{"href":"https:\/\/samantharadionline.com\/index.php\/wp-json\/wp\/v2\/types\/post"}],"author":[{"embeddable":true,"href":"https:\/\/samantharadionline.com\/index.php\/wp-json\/wp\/v2\/users\/1"}],"replies":[{"embeddable":true,"href":"https:\/\/samantharadionline.com\/index.php\/wp-json\/wp\/v2\/comments?post=17851"}],"version-history":[{"count":1,"href":"https:\/\/samantharadionline.com\/index.php\/wp-json\/wp\/v2\/posts\/17851\/revisions"}],"predecessor-version":[{"id":17853,"href":"https:\/\/samantharadionline.com\/index.php\/wp-json\/wp\/v2\/posts\/17851\/revisions\/17853"}],"wp:featuredmedia":[{"embeddable":true,"href":"https:\/\/samantharadionline.com\/index.php\/wp-json\/wp\/v2\/media\/17852"}],"wp:attachment":[{"href":"https:\/\/samantharadionline.com\/index.php\/wp-json\/wp\/v2\/media?parent=17851"}],"wp:term":[{"taxonomy":"category","embeddable":true,"href":"https:\/\/samantharadionline.com\/index.php\/wp-json\/wp\/v2\/categories?post=17851"},{"taxonomy":"post_tag","embeddable":true,"href":"https:\/\/samantharadionline.com\/index.php\/wp-json\/wp\/v2\/tags?post=17851"}],"curies":[{"name":"wp","href":"https:\/\/api.w.org\/{rel}","templated":true}]}}