{"id":17848,"date":"2025-08-02T10:03:38","date_gmt":"2025-08-02T14:03:38","guid":{"rendered":"https:\/\/samantharadionline.com\/?p=17848"},"modified":"2025-08-02T10:03:39","modified_gmt":"2025-08-02T14:03:39","slug":"fuerza-del-pueblo-celebrara-manana-ronda-de-votacion-interna","status":"publish","type":"post","link":"https:\/\/samantharadionline.com\/index.php\/2025\/08\/02\/fuerza-del-pueblo-celebrara-manana-ronda-de-votacion-interna\/","title":{"rendered":"Fuerza del Pueblo celebrar\u00e1 ma\u00f1ana ronda de votaci\u00f3n interna"},"content":{"rendered":"\n<figure class=\"wp-block-image\"><img decoding=\"async\" src=\"https:\/\/listindiario.com\/files\/image_60_60\/uploads\/2025\/07\/13\/68743be1bedc5.jpeg\" alt=\"Avatar del Sauro Scalella\"\/><\/figure>\n\n\n\n<p><em>\u00a0<\/em>Sauro Scalella, <strong>Santo Domingo, RD<\/strong><\/p>\n\n\n\n<p>La Fuerza del Pueblo celebrar\u00e1 este 3 de agosto su primera ronda de votaci\u00f3n interna para elegir los nuevos integrantes de su Direcci\u00f3n Central, en un proceso que involucrar\u00e1 a m\u00e1s de 75,000 dirigentes del partido a escala nacional.<\/p>\n\n\n\n<p>As\u00ed lo inform\u00f3 ayer Henry Mer\u00e1n, presidente de la Comisi\u00f3n Nacional Electoral (CNE) de esa organizaci\u00f3n pol\u00edtica, en entrevista con List\u00edn Diario.<\/p>\n\n\n\n<p>Mer\u00e1n explic\u00f3 que se elegir\u00e1 un total de 610 plazas dentro de la Direcci\u00f3n Central, que ir\u00e1n a elecciones. Al menos 183 corresponden a la modalidad nacional y 387 a la modalidad territorial. Adem\u00e1s, se escoger\u00e1n los titulares de 74 presidencias territoriales no reservadas por el partido.<\/p>\n\n\n\n<p>La jornada de votaci\u00f3n se desarrollar\u00e1 desde las 9:00 de la ma\u00f1ana hasta las 4:00 de la tarde, con la participaci\u00f3n de 75,647 dirigentes habilitados para votar en 147 mesas electorales, distribuidas en 64 recintos en todo el territorio nacional.<\/p>\n\n\n\n<p>\u201cEn cada una de las provincias del pa\u00eds habr\u00e1 por lo menos un recinto de votaci\u00f3n, dependiendo del n\u00famero de electores de las demarcaciones y, a trav\u00e9s de ellos, los compa\u00f1eros podr\u00e1n participar\u201d, indic\u00f3 Mer\u00e1n.<\/p>\n\n\n\n<p>El presidente de la CNE destac\u00f3 que, tras el cierre del proceso, iniciar\u00e1 el conteo y escrutinio de los votos. Los resultados oficiales se dar\u00e1n a conocer a m\u00e1s tardar el lunes 4 de agosto por la ma\u00f1ana.<\/p>\n\n\n\n<p>\u201cEs importante tambi\u00e9n destacar el nivel de entusiasmo, participaci\u00f3n, que existe en la Fuerza del Pueblo y que ha consistido tambi\u00e9n el inter\u00e9s nacional\u201d, dijo el pol\u00edtico.<\/p>\n\n\n\n<p><strong>Dos mil aspirantes<\/strong><\/p>\n\n\n\n<p>Al menos 2,000 aspirantes se preinscribieron inicialmente para optar por cargos internos, de los que 1,471 fueron validados como candidatos oficiales para las 610 posiciones de la Direcci\u00f3n Central y 73 presidencias territoriales en disputa, explic\u00f3.<\/p>\n\n\n\n<p>En cuanto al soporte log\u00edstico, la Comisi\u00f3n Nacional Electoral ha contado con el respaldo de la Junta Central Electoral (JCE), que ha facilitado equipos tecnol\u00f3gicos de transmisi\u00f3n de resultados, lectores de c\u00f3digos QR, urnas, casetas, tinta y valijas, seg\u00fan detall\u00f3 Mer\u00e1n.<\/p>\n\n\n\n<p>\u201cLos dirigentes de la Fuerza del Pueblo pueden esperar transparencia, participaci\u00f3n y un seguimiento y una direcci\u00f3n estricta por parte de la Comisi\u00f3n Nacional Electoral\u201d, afirm\u00f3.<\/p>\n\n\n\n<p>\u201cVan a ver resultados di\u00e1fanos, transparentes que fortalezcan una vez m\u00e1s la unidad partidaria y que le presente a la sociedad dominicana dirigentes de m\u00e1s alto nivel que est\u00e9n comprometidos con los mejores intereses de la sociedad\u201d.<\/p>\n\n\n\n<p>Mer\u00e1n asegur\u00f3 que este proceso interno marcar\u00e1 el inicio del camino del opositor partido de cara a las elecciones presidenciales de 2028.<\/p>\n\n\n\n<p>\u201cSin lugar a dudas, este Congreso Nacional Electoral \u2014el segundo que realizamos en menos de un a\u00f1o\u2014 pondr\u00e1 a la Fuerza del Pueblo en plena capacidad pol\u00edtica y org\u00e1nica para ganar las elecciones el pr\u00f3ximo 2028\u201d, afirm\u00f3.<\/p>\n\n\n\n<p>\u201cPara cualquier partido pol\u00edtico deviene determinante, para llegar al poder, el tener una buena estructura interna con reglas de juego claro que le permita concentrarse en la b\u00fasqueda y en la obtenci\u00f3n del poder\u201d.<\/p>\n\n\n\n<p>Mer\u00e1n adelant\u00f3 que, una vez concluida esta primera ronda, se convocar\u00e1 una segunda fase del Congreso Nacional Electoral.<\/p>\n\n\n\n<p>La misma es para elegir a los miembros de la Direcci\u00f3n Pol\u00edtica del partido, compuesta por 60 integrantes.<\/p>\n","protected":false},"excerpt":{"rendered":"<p>\u00a0Sauro Scalella, Santo Domingo, RD La Fuerza del Pueblo celebrar\u00e1 este 3 de agosto su<\/p>\n","protected":false},"author":1,"featured_media":17849,"comment_status":"open","ping_status":"open","sticky":false,"template":"","format":"standard","meta":{"footnotes":""},"categories":[12],"tags":[],"class_list":["post-17848","post","type-post","status-publish","format-standard","has-post-thumbnail","hentry","category-nacionales"],"_links":{"self":[{"href":"https:\/\/samantharadionline.com\/index.php\/wp-json\/wp\/v2\/posts\/17848","targetHints":{"allow":["GET"]}}],"collection":[{"href":"https:\/\/samantharadionline.com\/index.php\/wp-json\/wp\/v2\/posts"}],"about":[{"href":"https:\/\/samantharadionline.com\/index.php\/wp-json\/wp\/v2\/types\/post"}],"author":[{"embeddable":true,"href":"https:\/\/samantharadionline.com\/index.php\/wp-json\/wp\/v2\/users\/1"}],"replies":[{"embeddable":true,"href":"https:\/\/samantharadionline.com\/index.php\/wp-json\/wp\/v2\/comments?post=17848"}],"version-history":[{"count":1,"href":"https:\/\/samantharadionline.com\/index.php\/wp-json\/wp\/v2\/posts\/17848\/revisions"}],"predecessor-version":[{"id":17850,"href":"https:\/\/samantharadionline.com\/index.php\/wp-json\/wp\/v2\/posts\/17848\/revisions\/17850"}],"wp:featuredmedia":[{"embeddable":true,"href":"https:\/\/samantharadionline.com\/index.php\/wp-json\/wp\/v2\/media\/17849"}],"wp:attachment":[{"href":"https:\/\/samantharadionline.com\/index.php\/wp-json\/wp\/v2\/media?parent=17848"}],"wp:term":[{"taxonomy":"category","embeddable":true,"href":"https:\/\/samantharadionline.com\/index.php\/wp-json\/wp\/v2\/categories?post=17848"},{"taxonomy":"post_tag","embeddable":true,"href":"https:\/\/samantharadionline.com\/index.php\/wp-json\/wp\/v2\/tags?post=17848"}],"curies":[{"name":"wp","href":"https:\/\/api.w.org\/{rel}","templated":true}]}}