{"id":17839,"date":"2025-08-02T09:29:15","date_gmt":"2025-08-02T13:29:15","guid":{"rendered":"https:\/\/samantharadionline.com\/?p=17839"},"modified":"2025-08-02T09:29:16","modified_gmt":"2025-08-02T13:29:16","slug":"uribe-pagara-su-condena-en-una-finca-con-lago-y-caballos-de-paso-fino","status":"publish","type":"post","link":"https:\/\/samantharadionline.com\/index.php\/2025\/08\/02\/uribe-pagara-su-condena-en-una-finca-con-lago-y-caballos-de-paso-fino\/","title":{"rendered":"Uribe pagar\u00e1 su condena en una finca con lago y caballos de paso fino"},"content":{"rendered":"\n<p class=\"has-medium-font-size\"><em>Est\u00e1 ubicada en una zona conocida como Llanogrande, muy cerca del Aeropuerto Jos\u00e9 Mar\u00eda C\u00f3rdova, uno de los dos aeropuertos que sirven a Medell\u00edn, la capital departamental de Antioquia<\/em><\/p>\n\n\n\n<figure class=\"wp-block-image\"><img decoding=\"async\" src=\"https:\/\/listindiario.com\/files\/image_60_60\/uploads\/2023\/05\/23\/646cd02f4f53e.jpeg\" alt=\"Avatar del Agencia EFE\"\/><\/figure>\n\n\n\n<p><em>\u00a0<\/em>Agencia EFE,<strong> Bogot\u00e1, Colombia\u00a0<\/strong><\/p>\n\n\n\n<p>Una finca ubicada en el municipio de Rionegro, en el noroeste de&nbsp;<strong>Colombia<\/strong>, con un lago artificial, caballerizas que albergan ejemplares de paso fino y generosos espacios para recreaci\u00f3n, ser\u00e1 el lugar donde el&nbsp;<strong>expresidente \u00c1lvaro Uribe&nbsp;<\/strong>(2002-2010) purgar\u00e1 la pena de 12 a\u00f1os de prisi\u00f3n domiciliaria por fraude procesal y soborno en actuaci\u00f3n penal.<\/p>\n\n\n\n<p>La jueza&nbsp;<strong>Sandra Heredia<\/strong>&nbsp;ley\u00f3 hoy la sentencia contra Uribe, quien se convirti\u00f3 esta semana en el primer expresidente colombiano en ser condenado judicialmente en primera instancia.<\/p>\n\n\n\n<p>La propiedad donde cumplir\u00e1 la pena est\u00e1 ubicada en una zona conocida como Llanogrande, muy cerca del Aeropuerto&nbsp;<strong>Jos\u00e9 Mar\u00eda C\u00f3rdova,<\/strong>&nbsp;uno de los dos aeropuertos que sirven a Medell\u00edn, la capital departamental de Antioquia.<\/p>\n\n\n\n<p>Desde que termin\u00f3 su segundo periodo presidencial en agosto de 2010, Uribe, de 73 a\u00f1os, fundador y l\u00edder del partido opositor&nbsp;<strong>Centro Democr\u00e1tico,&nbsp;<\/strong>ocupa frecuentemente esta finca junto con su esposa, Lina Moreno, aunque tambi\u00e9n viaja a menudo a la hacienda El Ub\u00e9rrimo, ubicada a pocos minutos en carro de Monter\u00eda, la capital del departamento caribe\u00f1o de&nbsp;<strong>C\u00f3rdoba (norte).<\/strong><\/p>\n\n\n\n<p>En cada uno de sus movimientos, el exmandatario cuenta con tres c\u00edrculos de seguridad, incluso cuando se encuentra en alguna de sus residencias.<\/p>\n\n\n\n<p><strong>La finca de Rionegro<\/strong><\/p>\n\n\n\n<p>El municipio de Rionegro est\u00e1 ubicado a unos 30 kil\u00f3metros de distancia de<strong>&nbsp;Medell\u00edn<\/strong>, ciudad de la que Uribe es oriundo y donde tiene su mayor caudal electoral.<\/p>\n\n\n\n<p>La finca donde purgar\u00e1 la pena est\u00e1 dotada de todos los servicios y de modernos equipos de comunicaciones que, en los \u00faltimos meses, le permitieron seguir desde su estudio la mayor parte de las audiencias del juicio en el que fue condenado.<\/p>\n\n\n\n<p>All\u00ed fue donde recibi\u00f3 al sacerdote<strong>&nbsp;jesuita Francisco<\/strong>&nbsp;de Roux, quien presidi\u00f3 la Comisi\u00f3n de la Verdad de Colombia, que busc\u00f3 su punto de vista sobre el conflicto armado para elaborar el informe final que public\u00f3 en 2022 ese organismo, creado por el acuerdo de paz firmado entre el Gobierno y la extinta guerrilla de las FARC en 2016.<\/p>\n\n\n\n<p>Desde all\u00ed, Uribe tambi\u00e9n segu\u00eda recibiendo a su c\u00edrculo cercano en la pol\u00edtica e incluso a deportistas destacados como los internacionales colombianos Yerry Mina,&nbsp;<strong>Juan Guillermo Cuadrado<\/strong>&nbsp;y Jefferson Lerma.<\/p>\n\n\n\n<p>Tambi\u00e9n ha sido un lugar en el que el exmandatario ha comparecido en numerosas ocasiones ante la prensa para hablar sobre temas de coyuntura e incluso del caso por el que fue condenado.<\/p>\n\n\n\n<p>Prisi\u00f3n domiciliaria<\/p>\n\n\n\n<p>Uribe fue condenado hoy a una pena de 12 a\u00f1os que deber\u00e1 cumplir en prisi\u00f3n domiciliaria por los delitos de fraude procesal y soborno en actuaci\u00f3n penal.<\/p>\n\n\n\n<p>La jueza del&nbsp;<strong>Juzgado 44 Penal del Circuito de Bogot\u00e1<\/strong>&nbsp;justific\u00f3 su decisi\u00f3n se\u00f1alando que al expresidente le \u00abresulta f\u00e1cil\u00bb abandonar el pa\u00eds \u00abpara eludir la sanci\u00f3n impuesta\u00bb. Adem\u00e1s, tuvo en cuenta las estrategias dilatorias empleadas por su defensa durante el juicio y consider\u00f3 que esta medida garantiza la \u00abconvivencia pac\u00edfica\u00bb de los ciudadanos.<\/p>\n\n\n\n<p>Adem\u00e1s de la prisi\u00f3n domiciliaria, Heredia tambi\u00e9n le impuso al expresidente una multa de m\u00e1s de 3.400 millones de pesos colombianos (unos 822.000 d\u00f3lares) y lo inhabilit\u00f3 por m\u00e1s de ocho a\u00f1os para el ejercicio de funciones p\u00fablicas.<\/p>\n\n\n\n<p>La defensa de Uribe, sin embargo, ya ha adelantado que apelar\u00e1, el 13 de agosto, la decisi\u00f3n judicial ante el Tribunal Superior de Bogot\u00e1.<\/p>\n","protected":false},"excerpt":{"rendered":"<p>Est\u00e1 ubicada en una zona conocida como Llanogrande, muy cerca del Aeropuerto Jos\u00e9 Mar\u00eda C\u00f3rdova,<\/p>\n","protected":false},"author":1,"featured_media":17828,"comment_status":"open","ping_status":"open","sticky":false,"template":"","format":"standard","meta":{"footnotes":""},"categories":[4],"tags":[],"class_list":["post-17839","post","type-post","status-publish","format-standard","has-post-thumbnail","hentry","category-mundiales"],"_links":{"self":[{"href":"https:\/\/samantharadionline.com\/index.php\/wp-json\/wp\/v2\/posts\/17839","targetHints":{"allow":["GET"]}}],"collection":[{"href":"https:\/\/samantharadionline.com\/index.php\/wp-json\/wp\/v2\/posts"}],"about":[{"href":"https:\/\/samantharadionline.com\/index.php\/wp-json\/wp\/v2\/types\/post"}],"author":[{"embeddable":true,"href":"https:\/\/samantharadionline.com\/index.php\/wp-json\/wp\/v2\/users\/1"}],"replies":[{"embeddable":true,"href":"https:\/\/samantharadionline.com\/index.php\/wp-json\/wp\/v2\/comments?post=17839"}],"version-history":[{"count":1,"href":"https:\/\/samantharadionline.com\/index.php\/wp-json\/wp\/v2\/posts\/17839\/revisions"}],"predecessor-version":[{"id":17840,"href":"https:\/\/samantharadionline.com\/index.php\/wp-json\/wp\/v2\/posts\/17839\/revisions\/17840"}],"wp:featuredmedia":[{"embeddable":true,"href":"https:\/\/samantharadionline.com\/index.php\/wp-json\/wp\/v2\/media\/17828"}],"wp:attachment":[{"href":"https:\/\/samantharadionline.com\/index.php\/wp-json\/wp\/v2\/media?parent=17839"}],"wp:term":[{"taxonomy":"category","embeddable":true,"href":"https:\/\/samantharadionline.com\/index.php\/wp-json\/wp\/v2\/categories?post=17839"},{"taxonomy":"post_tag","embeddable":true,"href":"https:\/\/samantharadionline.com\/index.php\/wp-json\/wp\/v2\/tags?post=17839"}],"curies":[{"name":"wp","href":"https:\/\/api.w.org\/{rel}","templated":true}]}}