{"id":17836,"date":"2025-08-02T09:22:19","date_gmt":"2025-08-02T13:22:19","guid":{"rendered":"https:\/\/samantharadionline.com\/?p=17836"},"modified":"2025-08-02T09:22:20","modified_gmt":"2025-08-02T13:22:20","slug":"el-proyecto-mas-rechazado-que-la-propuesta-de-reforma-fiscal-ley-de-residuos-solidos","status":"publish","type":"post","link":"https:\/\/samantharadionline.com\/index.php\/2025\/08\/02\/el-proyecto-mas-rechazado-que-la-propuesta-de-reforma-fiscal-ley-de-residuos-solidos\/","title":{"rendered":"El proyecto \u00abm\u00e1s rechazado\u00bb que la propuesta de reforma fiscal, Ley de Residuos S\u00f3lidos"},"content":{"rendered":"\n<p class=\"has-medium-font-size\"><em>El presidente Luis Abinader anunci\u00f3 el pasado 28 de julio que observar\u00e1 las modificaciones a la Ley de Residuos S\u00f3lidos aprobadas por los congresistas<\/em><\/p>\n\n\n\n<figure class=\"wp-block-image\"><img decoding=\"async\" src=\"https:\/\/listindiario.com\/files\/image_60_60\/uploads\/2023\/05\/16\/64637a1e3ff38.jpeg\" alt=\"Avatar del \u00c1ngel Valdez\"\/><\/figure>\n\n\n\n<p><em>\u00a0<\/em>\u00c1ngel Valdez, <strong>Santo Domingo, RD<\/strong><\/p>\n\n\n\n<p>El Congreso Nacional ha conocido diversos proyectos de ley que fueron el principal motivo de divisi\u00f3n entre los legisladores y la ciudadan\u00eda, debido a los art\u00edculos conflictivos registrados en sus contenidos.<\/p>\n\n\n\n<p>Precisamente, la propuesta de \u201cmodernizaci\u00f3n fiscal\u201d depositada por el Gobierno es una de las m\u00e1s recientes que gener\u00f3 el cuestionamiento casi total por parte de la sociedad.<\/p>\n\n\n\n<p>Sin embargo, para algunos congresistas, existe otra pieza que lo ha superado: Este es el proyecto que modifica la Ley 225-20 de Gesti\u00f3n Integral y Coprocesamiento de Residuos S\u00f3lidos, la cual tiene el objetivo de fortalecer el marco regulatorio del tratamiento de la basura en el territorio nacional.<\/p>\n\n\n\n<p>Seg\u00fan explic\u00f3 el diputado Rafael Tob\u00edas Crespo, la promulgaci\u00f3n de esta ley aprobada el pasado 23 de julio en el Senado de la Rep\u00fablica crear\u00eda un monopolio entre las empresas que participan en los procesos de licitaci\u00f3n, indicando que as\u00ed lo precis\u00f3 la Comisi\u00f3n Nacional de Defensa de la Competencia (Pro-competencia). Adem\u00e1s, Tob\u00edas Crespo indic\u00f3 que el documento contiene aspectos de inconstitucionalidad.<\/p>\n\n\n\n<p>\u201cTodos los sectores de la sociedad estuvieron opuestos a esa ley. La oposici\u00f3n fue total, m\u00e1s que para (el intento) de reforma fiscal, porque por lo menos (en ese caso) los empresarios dec\u00edan: Col\u00f3came impuesto ah\u00ed, pero elim\u00edname aqu\u00ed\u2026\u201d, dijo al List\u00edn Diario el pasado martes.<\/p>\n\n\n\n<p>\u201c8,700 millones de pesos que ha acumulado el fideicomiso Do Sostenible, nada m\u00e1s se ha utilizado el 38.9%. Hay que ver en qu\u00e9 el Gobierno ha utilizado el 40% restante. Pero de ese 40%, solo se benefician 7 empresas gestoras, llev\u00e1ndose el 92% de ese dinero\u201d, dijo el legislador de la Fuerza del Pueblo (FP) sobre el programa gubernamental y empresarial encargado del proceso de los desechos.<\/p>\n\n\n\n<p>Adem\u00e1s, asegur\u00f3 que representar\u00eda un incremento en el gravamen establecido para las compa\u00f1\u00edas dedicadas a este negocio, alcanzando una elevaci\u00f3n de entre el 300% y 1,000%, con respecto a los actuales.<\/p>\n\n\n\n<p>\u201cUn incremento del cielo a la tierra, donde empresas que pagan 500 pagar\u00e1n 3,000; estamos hablando de 1,000 veces m\u00e1s. Va aumentando de los ingresos brutos de la empresa, no de ganancias\u201d, puntualiz\u00f3.<\/p>\n\n\n\n<h3 class=\"wp-block-heading\">Ser\u00e1 Observada<\/h3>\n\n\n\n<p>El presidente Luis Abinader anunci\u00f3 el pasado 28 de julio que observar\u00e1 las modificaciones a la Ley de Residuos S\u00f3lidos aprobadas por los congresistas.<\/p>\n\n\n\n<p>Abinader adelant\u00f3 que una vez \u201creciba formalmente\u201d las variaciones aprobadas en ambas c\u00e1maras legislativas, le realizar\u00e1 los cambios que han sido sugeridos por la sociedad, con el objetivo de aprobarla nuevamente y promulgarla.<\/p>\n\n\n\n<p>\u201cHay muchos cuestionamientos, incluso uno de Pro-Competencia nos ha enviado varios informes y errores y situaciones que tienen que corregirse en la ley y la ley tiene que corregirse y les puedo decir que vamos a atender esas correcciones y la vamos a reenviar con esas observaciones al Congreso\u201d, manifest\u00f3 Abinader al ser cuestionado durante LA Semanal.<\/p>\n","protected":false},"excerpt":{"rendered":"<p>El presidente Luis Abinader anunci\u00f3 el pasado 28 de julio que observar\u00e1 las modificaciones a<\/p>\n","protected":false},"author":1,"featured_media":17837,"comment_status":"open","ping_status":"open","sticky":false,"template":"","format":"standard","meta":{"footnotes":""},"categories":[12],"tags":[],"class_list":["post-17836","post","type-post","status-publish","format-standard","has-post-thumbnail","hentry","category-nacionales"],"_links":{"self":[{"href":"https:\/\/samantharadionline.com\/index.php\/wp-json\/wp\/v2\/posts\/17836","targetHints":{"allow":["GET"]}}],"collection":[{"href":"https:\/\/samantharadionline.com\/index.php\/wp-json\/wp\/v2\/posts"}],"about":[{"href":"https:\/\/samantharadionline.com\/index.php\/wp-json\/wp\/v2\/types\/post"}],"author":[{"embeddable":true,"href":"https:\/\/samantharadionline.com\/index.php\/wp-json\/wp\/v2\/users\/1"}],"replies":[{"embeddable":true,"href":"https:\/\/samantharadionline.com\/index.php\/wp-json\/wp\/v2\/comments?post=17836"}],"version-history":[{"count":1,"href":"https:\/\/samantharadionline.com\/index.php\/wp-json\/wp\/v2\/posts\/17836\/revisions"}],"predecessor-version":[{"id":17838,"href":"https:\/\/samantharadionline.com\/index.php\/wp-json\/wp\/v2\/posts\/17836\/revisions\/17838"}],"wp:featuredmedia":[{"embeddable":true,"href":"https:\/\/samantharadionline.com\/index.php\/wp-json\/wp\/v2\/media\/17837"}],"wp:attachment":[{"href":"https:\/\/samantharadionline.com\/index.php\/wp-json\/wp\/v2\/media?parent=17836"}],"wp:term":[{"taxonomy":"category","embeddable":true,"href":"https:\/\/samantharadionline.com\/index.php\/wp-json\/wp\/v2\/categories?post=17836"},{"taxonomy":"post_tag","embeddable":true,"href":"https:\/\/samantharadionline.com\/index.php\/wp-json\/wp\/v2\/tags?post=17836"}],"curies":[{"name":"wp","href":"https:\/\/api.w.org\/{rel}","templated":true}]}}