{"id":17833,"date":"2025-08-02T09:19:22","date_gmt":"2025-08-02T13:19:22","guid":{"rendered":"https:\/\/samantharadionline.com\/?p=17833"},"modified":"2025-08-02T09:19:23","modified_gmt":"2025-08-02T13:19:23","slug":"policia-sigue-sin-explicacion-sobre-la-prision-del-periodista","status":"publish","type":"post","link":"https:\/\/samantharadionline.com\/index.php\/2025\/08\/02\/policia-sigue-sin-explicacion-sobre-la-prision-del-periodista\/","title":{"rendered":"Polic\u00eda sigue sin explicaci\u00f3n sobre la prisi\u00f3n del periodista"},"content":{"rendered":"\n<p class=\"has-medium-font-size\"><em>El vocero de la Polic\u00eda, coronel Diego Pesqueira, prometi\u00f3 que hablar\u00e1n la verdad en el caso del periodista<\/em><\/p>\n\n\n\n<figure class=\"wp-block-image\"><img decoding=\"async\" src=\"https:\/\/listindiario.com\/files\/image_60_60\/uploads\/2025\/06\/12\/684b391707e60.jpeg\" alt=\"Avatar del Nalphy Mart\u00ednez\"\/><\/figure>\n\n\n\n<p><em>\u00a0<\/em>Nalphy Mart\u00ednez, <strong>Santo Domingo, RD<\/strong><\/p>\n\n\n\n<p>El peri\u00f3dico El Nuevo Diario inform\u00f3 el pasado jueves sobre la desaparici\u00f3n de uno de sus periodistas, Edward Ram\u00edrez, quien fue visto por \u00faltima vez la noche del pasado mi\u00e9rcoles.<\/p>\n\n\n\n<p>Tras m\u00e1s de 24 horas sin que los familiares supieran de su paredero, se inform\u00f3 que estaba detenido en el Destacamento de la Polic\u00eda del Ensanche Naco, en el Distrito Nacional, tras ser arrestado el jueves 31 de julio en los alrededores del Estadio Ol\u00edmpico.<\/p>\n\n\n\n<p>El vocero de la Polic\u00eda Nacional, Diego Pesqueira, inform\u00f3 que en el transcurso de los d\u00edas investigar\u00e1n m\u00e1s sobre los eventos que implicaron su arresto, como tambi\u00e9n en qu\u00e9 momento fue presentada la denuncia de su desaparici\u00f3n y cu\u00e1ndo inici\u00f3 su b\u00fasqueda.<\/p>\n\n\n\n<p>\u201cEn este caso y cualquier otro vamos a hablar con transparencia, la verdad y la objetividad que nos caracteriza\u201d, asegur\u00f3.<\/p>\n\n\n\n<p>Indic\u00f3 que, aun cuando figura en el libro oficial de los desaparecidos de la Polic\u00eda Nacional, establecer\u00e1n la hora exacta en que se report\u00f3 su desaparici\u00f3n en los libros de la Polic\u00eda Nacional para compararlo con lo que se present\u00f3 en los medios. No especific\u00f3 si las autoridades limitaron o no el derecho a llamada del acusado ni la raz\u00f3n exacta por la que fue apresado. Pese a todo, en sus redes El Nuevo Diario public\u00f3 que \u201capareci\u00f3 sano y salvo\u201d.<\/p>\n\n\n\n<figure class=\"wp-block-image\" id=\"m25866-25865-25867\"><img decoding=\"async\" src=\"https:\/\/listindiario.com\/files\/vertical_main_image\/uploads\/2025\/08\/02\/688d8f73580cd.jpeg\" alt=\"Periodista Edward Ram\u00edrez fue declarado como desaperecido, pero estaba preso en destacamento.\"\/><figcaption class=\"wp-element-caption\">Periodista Edward Ram\u00edrez fue declarado como desaperecido, pero estaba preso en destacamento.<\/figcaption><\/figure>\n\n\n\n<p><strong>La \u201cdesaparici\u00f3n\u201d<\/strong><\/p>\n\n\n\n<p>Ram\u00edrez fue visto por \u00faltima vez la noche del mi\u00e9rcoles 30 de julio, cuando sali\u00f3 de las instalaciones de El Nuevo Diario, tras finalizar su jornada laboral. Seg\u00fan testigos, el comunicador abord\u00f3 una motocicleta solicitada a trav\u00e9s de una plataforma digital alrededor de las 8:00 de la noche.<\/p>\n\n\n\n<p>Tras la denuncia de su desaparici\u00f3n, la Direcci\u00f3n Central de Investigaci\u00f3n Criminal (Dicrim) inici\u00f3 un operativo de b\u00fasqueda para dar con su paradero. M\u00e1s tarde, se confirm\u00f3 que se encontraba detenido en el destacamento del ensanche Naco, en el Distrito Nacional.<\/p>\n\n\n\n<p><strong>Autor de tiroteo<\/strong><\/p>\n\n\n\n<p>Por otro lado, Pesqueira se refiri\u00f3 a Jos\u00e9 Alexander de los Santos, acusado de ocasionar la muerte de Alexander Pilier, de 30 a\u00f1os de edad, y de herir a Williard Castro Collado, de 23 a\u00f1os, en el restaurante MG Kitchen, de Naco, el pasado jueves 31 de julio.<\/p>\n\n\n\n<p>Indic\u00f3 que el Ministerio P\u00fablico determinar\u00e1 la veracidad de sus declaraciones y de por qu\u00e9 ocurri\u00f3 el hecho para establecer las circunstancias del evento. El acusado hab\u00eda declarado a la prensa que la situaci\u00f3n tuvo lugar porque el hoy occiso le propin\u00f3 una bofetada que desencaden\u00f3 su reacci\u00f3n. \u201cYo estaba tranquilo compartiendo con mis amistades en un lugar, \u00e9l fue, me dio un gallet\u00f3n bacan\u00edsimo, me hizo pasar una verg\u00fcenza de pinga, yo reaccion\u00e9, normal, son cosas que pasan en el momento, nadie lo quiere\u201d, dijo a la prensa.<\/p>\n\n\n\n<p>La tragedia fue informada al medio alrededor de las 7:00 de la ma\u00f1ana del mismo d\u00eda por personas que se encontraban en el restaurante MG Kitchen ubicado en la avenida Gustavo Mej\u00eda Ricart.<\/p>\n\n\n\n<p><strong>Sepa M\u00e1s<\/strong><\/p>\n\n\n\n<p><strong>Dos casos.<\/strong><\/p>\n\n\n\n<p>Esta semana se dio a conocer tambi\u00e9n el caso de Abel Ricardo Santos Santos, un joven residente en el sector Ensanche Ozama, lo cual tiene algo en com\u00fan con el del periodista, Edward Ram\u00edrez, ya que ambos fueron reportados como desaparecidos y encontrados, d\u00edas despu\u00e9s, tras permanecer detenidos en destacamentos de la Polic\u00eda Nacional.<\/p>\n","protected":false},"excerpt":{"rendered":"<p>El vocero de la Polic\u00eda, coronel Diego Pesqueira, prometi\u00f3 que hablar\u00e1n la verdad en el<\/p>\n","protected":false},"author":1,"featured_media":17834,"comment_status":"open","ping_status":"open","sticky":false,"template":"","format":"standard","meta":{"footnotes":""},"categories":[12],"tags":[],"class_list":["post-17833","post","type-post","status-publish","format-standard","has-post-thumbnail","hentry","category-nacionales"],"_links":{"self":[{"href":"https:\/\/samantharadionline.com\/index.php\/wp-json\/wp\/v2\/posts\/17833","targetHints":{"allow":["GET"]}}],"collection":[{"href":"https:\/\/samantharadionline.com\/index.php\/wp-json\/wp\/v2\/posts"}],"about":[{"href":"https:\/\/samantharadionline.com\/index.php\/wp-json\/wp\/v2\/types\/post"}],"author":[{"embeddable":true,"href":"https:\/\/samantharadionline.com\/index.php\/wp-json\/wp\/v2\/users\/1"}],"replies":[{"embeddable":true,"href":"https:\/\/samantharadionline.com\/index.php\/wp-json\/wp\/v2\/comments?post=17833"}],"version-history":[{"count":1,"href":"https:\/\/samantharadionline.com\/index.php\/wp-json\/wp\/v2\/posts\/17833\/revisions"}],"predecessor-version":[{"id":17835,"href":"https:\/\/samantharadionline.com\/index.php\/wp-json\/wp\/v2\/posts\/17833\/revisions\/17835"}],"wp:featuredmedia":[{"embeddable":true,"href":"https:\/\/samantharadionline.com\/index.php\/wp-json\/wp\/v2\/media\/17834"}],"wp:attachment":[{"href":"https:\/\/samantharadionline.com\/index.php\/wp-json\/wp\/v2\/media?parent=17833"}],"wp:term":[{"taxonomy":"category","embeddable":true,"href":"https:\/\/samantharadionline.com\/index.php\/wp-json\/wp\/v2\/categories?post=17833"},{"taxonomy":"post_tag","embeddable":true,"href":"https:\/\/samantharadionline.com\/index.php\/wp-json\/wp\/v2\/tags?post=17833"}],"curies":[{"name":"wp","href":"https:\/\/api.w.org\/{rel}","templated":true}]}}