{"id":17827,"date":"2025-08-01T15:32:03","date_gmt":"2025-08-01T19:32:03","guid":{"rendered":"https:\/\/samantharadionline.com\/?p=17827"},"modified":"2025-08-01T15:32:04","modified_gmt":"2025-08-01T19:32:04","slug":"alvaro-uribe-condenado-a-12-anos-de-prision-domiciliaria","status":"publish","type":"post","link":"https:\/\/samantharadionline.com\/index.php\/2025\/08\/01\/alvaro-uribe-condenado-a-12-anos-de-prision-domiciliaria\/","title":{"rendered":"\u00c1lvaro Uribe condenado a 12 a\u00f1os de prisi\u00f3n domiciliaria"},"content":{"rendered":"\n<p class=\"has-medium-font-size\"><em>Uribe, de 73 a\u00f1os, se convirti\u00f3 en el primer expresidente colombiano en ser condenado penalmente en el denominado &#8216;juicio del siglo&#8217;<\/em><\/p>\n\n\n\n<p>El\u00a0<strong>expresidente colombiano \u00c1lvaro Uribe\u00a0<\/strong>(2002-2010) fue condenado a una pena de 12 a\u00f1os que deber\u00e1 cumplir en<strong>\u00a0prisi\u00f3n domiciliaria\u00a0<\/strong>por los delitos de<strong>\u00a0fraude procesal<\/strong>\u00a0y\u00a0<strong>soborno\u00a0<\/strong>en actuaci\u00f3n penal, seg\u00fan una sentencia divulgada este viernes.<\/p>\n\n\n\n<p>El documento se\u00f1ala que la jueza del Juzgado 44 Penal del Circuito de Bogot\u00e1, Sandra Heredia, quien leer\u00e1 el fallo a partir de las 14:00 hora local (19:00 GMT), resolvi\u00f3 imponer a&nbsp;<strong>Uribe&nbsp;<\/strong>una pena, en primera instancia, de<strong>&nbsp;12 a\u00f1os de prisi\u00f3n<\/strong>, una multa de m\u00e1s de 3.400 millones de pesos colombianos (unos 822.000 d\u00f3lares) y lo inhabilit\u00f3 por m\u00e1s de ocho a\u00f1os para el ejercicio de derechos y funciones p\u00fablicas.&nbsp;<\/p>\n\n\n\n<p>La jueza tambi\u00e9n comisiona al Centro de Servicios Judiciales de Rionegro, el municipio del&nbsp;<strong>departamento de Antioquia<\/strong>&nbsp;donde reside el expresidente, para expedir \u00abla correspondiente boleta de&nbsp;<strong>encarcelaci\u00f3n<\/strong>\u00bb y \u00abproceder a su traslado inmediato a su domicilio donde cumplir\u00e1 la&nbsp;<strong>prisi\u00f3n domiciliaria<\/strong>&nbsp;y se realizar\u00e1n los controles respectivos\u00bb.<\/p>\n\n\n\n<p><strong>Uribe<\/strong>, de 73 a\u00f1os y fundador del partido de derecha Centro Democr\u00e1tico, se convirti\u00f3 el lunes en el primer<strong>&nbsp;expresidente colombiano<\/strong>&nbsp;en ser condenado penalmente en el denominado<strong>&nbsp;&#8216;juicio del siglo&#8217;<\/strong>&nbsp;en&nbsp;<strong>Colombia<\/strong>, aunque su defensa ya anunci\u00f3 que apelar\u00e1 la decisi\u00f3n judicial ante el&nbsp;<strong>Tribunal Superior de Bogot\u00e1.<\/strong><\/p>\n\n\n\n<p>En la audiencia de lectura del fallo, Heredia hab\u00eda anticipado que, para los delitos de&nbsp;<strong>fraude procesal&nbsp;<\/strong>y&nbsp;<strong>soborno&nbsp;<\/strong>en actuaci\u00f3n penal, la ley prev\u00e9 una condena de \u00abun monto superior a cuatro a\u00f1os e inferior a ocho\u00bb, pero la fiscal del caso, Marlene Orjuela, pidi\u00f3 una pena mayor, de nueve a\u00f1os, y una multa de 1.025 salarios m\u00ednimos legales vigentes, que equivalen a 1.458 millones de pesos colombianos (unos 349.000 d\u00f3lares).<\/p>\n\n\n\n<p>Sin embargo, la sentencia supera lo dicho por la propia jueza y la petici\u00f3n hecha por la fiscal Orjuela, lo que ha causado sorpresa en el pa\u00eds, que espera en la lectura de la sentencia de este viernes la argumentaci\u00f3n de la togada.<\/p>\n\n\n\n<h3 class=\"wp-block-heading\">Diez m\u00e1s dos<\/h3>\n\n\n\n<p>La sentencia, de m\u00e1s de 1.100 p\u00e1ginas, fija una pena de 91 meses de prisi\u00f3n por el&nbsp;<strong>delito de soborno en actuaci\u00f3n penal<\/strong>, con 29 meses m\u00e1s por concurso homog\u00e9neo, es decir por la participaci\u00f3n de varias personas, lo que equivale a un total de 120 meses o 10 a\u00f1os.<\/p>\n\n\n\n<p>\u00abComo quiera que esta conducta se cometi\u00f3 en concurso homog\u00e9neo, fueron tres testigos de los cuales se acredit\u00f3 soborno por interpuesta persona, en este caso Juan Guillermo Monsalve Pineda, Carlos Enrique V\u00e9lez Ram\u00edrez y Eur\u00eddice Cort\u00e9s Velasco\u00bb, por lo que, agrega la sentencia \u00abse aumenta la pena por los dos&nbsp;<strong>delitos&nbsp;<\/strong>restantes en 29 meses para un total de 120 meses de prisi\u00f3n\u00bb.<\/p>\n\n\n\n<p>Por el&nbsp;<strong>delito de fraude procesal<\/strong>, la jueza estableci\u00f3 una condena de&nbsp;<strong>104 meses de prisi\u00f3n<\/strong>. Sin embargo, estableci\u00f3 el soborno en actuaci\u00f3n penal como el delito base y sum\u00f3 dos a\u00f1os m\u00e1s en virtud del fraude.<\/p>\n\n\n\n<p>\u00abSe establece que la conducta m\u00e1s grave result\u00f3 ser la del&nbsp;<strong>soborno&nbsp;<\/strong>en&nbsp;<strong>actuaci\u00f3n penal&nbsp;<\/strong>que adoptaremos como delito base, y sobre la misma le aumentamos en dos a\u00f1os, en virtud del delito de fraude procesal, por ello, la pena en definitiva le queda tasada en 144 meses de prisi\u00f3n o lo que es lo mismo 12 a\u00f1os de prisi\u00f3n\u00bb, se lee en la sentencia.<\/p>\n\n\n\n<h3 class=\"wp-block-heading\">La condena y sus repercusiones<\/h3>\n\n\n\n<p>En la audiencia del lunes, que por m\u00e1s diez horas acapar\u00f3 la atenci\u00f3n del pa\u00eds, la jueza consider\u00f3 que las pruebas presentadas por la Fiscal\u00eda en el&nbsp;<strong>juicio&nbsp;<\/strong>fueron lo suficientemente s\u00f3lidas como para anunciar contra Uribe un \u00abfallo de car\u00e1cter condenatorio por las<strong>&nbsp;conductas punibles de soborno<\/strong>&nbsp;en actuaci\u00f3n penal, en concurso homog\u00e9neo en tres oportunidades y en concurso heterog\u00e9neo en relaci\u00f3n con el&nbsp;<strong>fraude procesal<\/strong>\u00ab.<\/p>\n\n\n\n<p>Adem\u00e1s de los dos delitos por los cuales fue condenado,&nbsp;<strong>Uribe&nbsp;<\/strong>-a quien&nbsp;<strong>Heredia&nbsp;<\/strong>calific\u00f3 como \u00abel hombre m\u00e1s poderoso del pa\u00eds\u00bb- fue absuelto de un tercero, de soborno simple.<\/p>\n\n\n\n<p>Todo como parte de un proceso que \u00e9l mismo inici\u00f3 en 2012 cuando demand\u00f3 ante la&nbsp;<strong>Corte Suprema de Justicia<\/strong>&nbsp;por supuesta manipulaci\u00f3n de testigos al congresista de izquierda Iv\u00e1n Cepeda, que en esa \u00e9poca preparaba una denuncia en el&nbsp;<strong>Senado&nbsp;<\/strong>en su contra por sus supuestos v\u00ednculos con los paramilitares.<\/p>\n\n\n\n<p>Sin embargo, el magistrado Jos\u00e9 Luis Barcel\u00f3, que recibi\u00f3 la demanda, decidi\u00f3 no investigar a Cepeda y s\u00ed a Uribe por presunta manipulaci\u00f3n de testigos para que no declararan en su contra.<\/p>\n","protected":false},"excerpt":{"rendered":"<p>Uribe, de 73 a\u00f1os, se convirti\u00f3 en el primer expresidente colombiano en ser condenado penalmente<\/p>\n","protected":false},"author":1,"featured_media":17828,"comment_status":"open","ping_status":"open","sticky":false,"template":"","format":"standard","meta":{"footnotes":""},"categories":[4],"tags":[],"class_list":["post-17827","post","type-post","status-publish","format-standard","has-post-thumbnail","hentry","category-mundiales"],"_links":{"self":[{"href":"https:\/\/samantharadionline.com\/index.php\/wp-json\/wp\/v2\/posts\/17827","targetHints":{"allow":["GET"]}}],"collection":[{"href":"https:\/\/samantharadionline.com\/index.php\/wp-json\/wp\/v2\/posts"}],"about":[{"href":"https:\/\/samantharadionline.com\/index.php\/wp-json\/wp\/v2\/types\/post"}],"author":[{"embeddable":true,"href":"https:\/\/samantharadionline.com\/index.php\/wp-json\/wp\/v2\/users\/1"}],"replies":[{"embeddable":true,"href":"https:\/\/samantharadionline.com\/index.php\/wp-json\/wp\/v2\/comments?post=17827"}],"version-history":[{"count":1,"href":"https:\/\/samantharadionline.com\/index.php\/wp-json\/wp\/v2\/posts\/17827\/revisions"}],"predecessor-version":[{"id":17829,"href":"https:\/\/samantharadionline.com\/index.php\/wp-json\/wp\/v2\/posts\/17827\/revisions\/17829"}],"wp:featuredmedia":[{"embeddable":true,"href":"https:\/\/samantharadionline.com\/index.php\/wp-json\/wp\/v2\/media\/17828"}],"wp:attachment":[{"href":"https:\/\/samantharadionline.com\/index.php\/wp-json\/wp\/v2\/media?parent=17827"}],"wp:term":[{"taxonomy":"category","embeddable":true,"href":"https:\/\/samantharadionline.com\/index.php\/wp-json\/wp\/v2\/categories?post=17827"},{"taxonomy":"post_tag","embeddable":true,"href":"https:\/\/samantharadionline.com\/index.php\/wp-json\/wp\/v2\/tags?post=17827"}],"curies":[{"name":"wp","href":"https:\/\/api.w.org\/{rel}","templated":true}]}}