{"id":17821,"date":"2025-07-31T09:27:12","date_gmt":"2025-07-31T13:27:12","guid":{"rendered":"https:\/\/samantharadionline.com\/?p=17821"},"modified":"2025-07-31T09:27:13","modified_gmt":"2025-07-31T13:27:13","slug":"evacuan-en-chile-de-sus-costas-por-alerta-de-tsunami-a-mas-de-un-millon-de-personas","status":"publish","type":"post","link":"https:\/\/samantharadionline.com\/index.php\/2025\/07\/31\/evacuan-en-chile-de-sus-costas-por-alerta-de-tsunami-a-mas-de-un-millon-de-personas\/","title":{"rendered":"Evac\u00faan en Chile de sus costas por alerta de tsunami a m\u00e1s de un mill\u00f3n de personas"},"content":{"rendered":"\n<p class=\"has-medium-font-size\"><em>El gobierno inform\u00f3 que de momento no se reportaron da\u00f1os<\/em><\/p>\n\n\n\n<figure class=\"wp-block-image\"><img decoding=\"async\" src=\"https:\/\/listindiario.com\/files\/image_60_60\/uploads\/2025\/06\/12\/684b39171bfd7.jpeg\" alt=\"Avatar del Agencia AFP\"\/><\/figure>\n\n\n\n<p><em>\u00a0<\/em>Agencia AFP, <strong>Santiago, Chile<\/strong><\/p>\n\n\n\n<p><strong>Chile<\/strong>&nbsp;evacu\u00f3 preventivamente a m\u00e1s de un mill\u00f3n de personas de su costa el mi\u00e9rcoles ante el riesgo de&nbsp;<strong>tsunami&nbsp;<\/strong>provocado por el&nbsp;<strong>terremoto&nbsp;<\/strong>de magnitud 8,8 que azot\u00f3 el extremo oriente de&nbsp;<strong>Rusia<\/strong>.<\/p>\n\n\n\n<p>\u00abA nivel pa\u00eds, se estima en 1,400.000 personas\u00bb el n\u00famero de evacuados en las zonas costeras, inform\u00f3 a la prensa el ministro del Interior,&nbsp;<strong>\u00c1lvaro Elizalde<\/strong>, tras el arribo del primer tren de olas al pa\u00eds.<\/p>\n\n\n\n<p>El gobierno inform\u00f3 que de momento no se reportaron da\u00f1os.<\/p>\n","protected":false},"excerpt":{"rendered":"<p>El gobierno inform\u00f3 que de momento no se reportaron da\u00f1os \u00a0Agencia AFP, Santiago, Chile Chile&nbsp;evacu\u00f3<\/p>\n","protected":false},"author":1,"featured_media":17822,"comment_status":"open","ping_status":"open","sticky":false,"template":"","format":"standard","meta":{"footnotes":""},"categories":[4],"tags":[],"class_list":["post-17821","post","type-post","status-publish","format-standard","has-post-thumbnail","hentry","category-mundiales"],"_links":{"self":[{"href":"https:\/\/samantharadionline.com\/index.php\/wp-json\/wp\/v2\/posts\/17821","targetHints":{"allow":["GET"]}}],"collection":[{"href":"https:\/\/samantharadionline.com\/index.php\/wp-json\/wp\/v2\/posts"}],"about":[{"href":"https:\/\/samantharadionline.com\/index.php\/wp-json\/wp\/v2\/types\/post"}],"author":[{"embeddable":true,"href":"https:\/\/samantharadionline.com\/index.php\/wp-json\/wp\/v2\/users\/1"}],"replies":[{"embeddable":true,"href":"https:\/\/samantharadionline.com\/index.php\/wp-json\/wp\/v2\/comments?post=17821"}],"version-history":[{"count":1,"href":"https:\/\/samantharadionline.com\/index.php\/wp-json\/wp\/v2\/posts\/17821\/revisions"}],"predecessor-version":[{"id":17823,"href":"https:\/\/samantharadionline.com\/index.php\/wp-json\/wp\/v2\/posts\/17821\/revisions\/17823"}],"wp:featuredmedia":[{"embeddable":true,"href":"https:\/\/samantharadionline.com\/index.php\/wp-json\/wp\/v2\/media\/17822"}],"wp:attachment":[{"href":"https:\/\/samantharadionline.com\/index.php\/wp-json\/wp\/v2\/media?parent=17821"}],"wp:term":[{"taxonomy":"category","embeddable":true,"href":"https:\/\/samantharadionline.com\/index.php\/wp-json\/wp\/v2\/categories?post=17821"},{"taxonomy":"post_tag","embeddable":true,"href":"https:\/\/samantharadionline.com\/index.php\/wp-json\/wp\/v2\/tags?post=17821"}],"curies":[{"name":"wp","href":"https:\/\/api.w.org\/{rel}","templated":true}]}}