{"id":17815,"date":"2025-07-31T09:21:37","date_gmt":"2025-07-31T13:21:37","guid":{"rendered":"https:\/\/samantharadionline.com\/?p=17815"},"modified":"2025-07-31T09:21:38","modified_gmt":"2025-07-31T13:21:38","slug":"alerta-sobre-libertad-de-expresion-y-derecho-al-honor","status":"publish","type":"post","link":"https:\/\/samantharadionline.com\/index.php\/2025\/07\/31\/alerta-sobre-libertad-de-expresion-y-derecho-al-honor\/","title":{"rendered":"Alerta sobre libertad de expresi\u00f3n y derecho al honor"},"content":{"rendered":"\n<p class=\"has-medium-font-size\"><em>Servio Tulio Casta\u00f1os Guzm\u00e1n considera que esta situaci\u00f3n no solo compromete la calidad del debate p\u00fablico, sino que tambi\u00e9n pone en riesgo el equilibrio de derechos fundamentales consagrados en la Constituci\u00f3n<\/em><\/p>\n\n\n\n<p>Ram\u00f3n Cruz Benz\u00e1n, <strong>Santo Domingo, RD<\/strong><\/p>\n\n\n\n<p>La&nbsp;<strong>Fundaci\u00f3n Institucionalidad y Justicia<\/strong>&nbsp;(<strong>Finjus<\/strong>) ha expresado su profunda preocupaci\u00f3n por la creciente tensi\u00f3n entre el derecho a la libre expresi\u00f3n del pensamiento y el derecho al honor y la intimidad personal en la esfera p\u00fablica.<\/p>\n\n\n\n<p><strong>Servio Tulio Casta\u00f1os Guzm\u00e1n<\/strong>, vicepresidente ejecutivo de Finjus, considera que esta situaci\u00f3n no solo compromete la calidad del debate p\u00fablico, sino que tambi\u00e9n pone en riesgo el equilibrio de derechos fundamentales consagrados en la&nbsp;<strong>Constituci\u00f3n<\/strong>.<\/p>\n\n\n\n<p>Casta\u00f1os Guzm\u00e1n enfatiz\u00f3 que el derecho a la&nbsp;<strong>libertad de expresi\u00f3n<\/strong>, pilar esencial de la democracia y del control social sobre el poder, no puede entenderse de manera aislada ni absoluta.<\/p>\n\n\n\n<p>Su ejercicio leg\u00edtimo, seg\u00fan el jurista, exige ponderar de forma responsable otros derechos fundamentales, como el derecho al honor, a la buena reputaci\u00f3n y a la intimidad personal y familiar, los cuales son igualmente indispensables para la convivencia pac\u00edfica y el respeto a la dignidad humana.<\/p>\n\n\n\n<p>\u201cAdvertimos con preocupaci\u00f3n que la inobservancia de los l\u00edmites del discurso p\u00fablico est\u00e1 provocando un da\u00f1o creciente a la confianza ciudadana en los medios de comunicaci\u00f3n y en las instituciones, al tiempo que expone a personas y colectivos a ataques que desbordan el inter\u00e9s p\u00fablico y lesionan su esfera personal sin justificaci\u00f3n leg\u00edtima\u201d, enfatiz\u00f3 Casta\u00f1os Guzm\u00e1n.<\/p>\n\n\n\n<h3 class=\"wp-block-heading\">Rol de los medios y marco de respeto<\/h3>\n\n\n\n<p>El vicepresidente de Finjus sostuvo que la libertad de expresi\u00f3n no debe ser interpretada como sin\u00f3nimo de impunidad discursiva.&nbsp;<\/p>\n\n\n\n<p>Resalt\u00f3 que los medios de comunicaci\u00f3n tienen un rol social importante que exige responsabilidad, rigor y un compromiso \u00e9tico con la verdad.<\/p>\n\n\n\n<p>Asimismo, expres\u00f3 que, si bien el derecho al honor no puede utilizarse como excusa para impedir el escrutinio leg\u00edtimo sobre asuntos de inter\u00e9s colectivo, es fundamental garantizar un marco de respeto rec\u00edproco y garant\u00edas efectivas.<\/p>\n\n\n\n<h3 class=\"wp-block-heading\">Responsabilidad y cohesi\u00f3n social<\/h3>\n\n\n\n<p>Finjus hizo un llamado firme a todos los actores sociales a elevar el nivel del debate p\u00fablico y evitar pr\u00e1cticas que vulneren la privacidad, desinformen a la ciudadan\u00eda o desnaturalicen el rol de los medios como espacios de deliberaci\u00f3n y formaci\u00f3n de opini\u00f3n.<\/p>\n\n\n\n<p>Casta\u00f1os Guzm\u00e1n inst\u00f3 a promover entornos comunicacionales m\u00e1s responsables, donde prevalezca la \u00e9tica, el rigor informativo y la&nbsp;<strong>protecci\u00f3n de la dignidad humana<\/strong>.<\/p>\n\n\n\n<p>Finalmente, precis\u00f3 que la defensa del derecho a expresarse libremente y del derecho a no ser injustamente agraviada debe ser una tarea colectiva, guiada por los principios constitucionales, el inter\u00e9s p\u00fablico y el respeto mutuo.<\/p>\n\n\n\n<p>Solo as\u00ed, concluy\u00f3, se podr\u00e1 restaurar la confianza en la palabra como herramienta de entendimiento, justicia y cohesi\u00f3n social.<\/p>\n","protected":false},"excerpt":{"rendered":"<p>Servio Tulio Casta\u00f1os Guzm\u00e1n considera que esta situaci\u00f3n no solo compromete la calidad del debate<\/p>\n","protected":false},"author":1,"featured_media":17816,"comment_status":"open","ping_status":"open","sticky":false,"template":"","format":"standard","meta":{"footnotes":""},"categories":[12],"tags":[],"class_list":["post-17815","post","type-post","status-publish","format-standard","has-post-thumbnail","hentry","category-nacionales"],"_links":{"self":[{"href":"https:\/\/samantharadionline.com\/index.php\/wp-json\/wp\/v2\/posts\/17815","targetHints":{"allow":["GET"]}}],"collection":[{"href":"https:\/\/samantharadionline.com\/index.php\/wp-json\/wp\/v2\/posts"}],"about":[{"href":"https:\/\/samantharadionline.com\/index.php\/wp-json\/wp\/v2\/types\/post"}],"author":[{"embeddable":true,"href":"https:\/\/samantharadionline.com\/index.php\/wp-json\/wp\/v2\/users\/1"}],"replies":[{"embeddable":true,"href":"https:\/\/samantharadionline.com\/index.php\/wp-json\/wp\/v2\/comments?post=17815"}],"version-history":[{"count":1,"href":"https:\/\/samantharadionline.com\/index.php\/wp-json\/wp\/v2\/posts\/17815\/revisions"}],"predecessor-version":[{"id":17817,"href":"https:\/\/samantharadionline.com\/index.php\/wp-json\/wp\/v2\/posts\/17815\/revisions\/17817"}],"wp:featuredmedia":[{"embeddable":true,"href":"https:\/\/samantharadionline.com\/index.php\/wp-json\/wp\/v2\/media\/17816"}],"wp:attachment":[{"href":"https:\/\/samantharadionline.com\/index.php\/wp-json\/wp\/v2\/media?parent=17815"}],"wp:term":[{"taxonomy":"category","embeddable":true,"href":"https:\/\/samantharadionline.com\/index.php\/wp-json\/wp\/v2\/categories?post=17815"},{"taxonomy":"post_tag","embeddable":true,"href":"https:\/\/samantharadionline.com\/index.php\/wp-json\/wp\/v2\/tags?post=17815"}],"curies":[{"name":"wp","href":"https:\/\/api.w.org\/{rel}","templated":true}]}}