{"id":17805,"date":"2025-07-31T09:11:44","date_gmt":"2025-07-31T13:11:44","guid":{"rendered":"https:\/\/samantharadionline.com\/?p=17805"},"modified":"2025-07-31T09:11:45","modified_gmt":"2025-07-31T13:11:45","slug":"definen-el-equipo-que-encabezara-el-nuevo-ministerio-de-hacienda-y-economia","status":"publish","type":"post","link":"https:\/\/samantharadionline.com\/index.php\/2025\/07\/31\/definen-el-equipo-que-encabezara-el-nuevo-ministerio-de-hacienda-y-economia\/","title":{"rendered":"Definen el equipo que encabezar\u00e1 el nuevo Ministerio de Hacienda y Econom\u00eda"},"content":{"rendered":"\n<p class=\"has-medium-font-size\"><em>El nombramiento de D\u00edaz est\u00e1 contenido en el decreto 426-25, donde tambi\u00e9n se designa a los seis viceministros que lo acompa\u00f1aran en el ministerio<\/em><\/p>\n\n\n\n<figure class=\"wp-block-image\"><img decoding=\"async\" src=\"https:\/\/listindiario.com\/files\/image_60_60\/uploads\/2023\/05\/16\/64638cfd2419c.jpeg\" alt=\"Avatar del Javier Flores\"\/><\/figure>\n\n\n\n<p><em>\u00a0<\/em>Javier Flores, Santo Domingo, RD<\/p>\n\n\n\n<p>El presidente&nbsp;<strong>Luis Abinader&nbsp;<\/strong>defini\u00f3 oficialmente al equipo que va a encabezar&nbsp;nuevo&nbsp;<strong>Ministerio de Hacienda y Econom\u00eda<\/strong>, entidad gubernamental instaurada tras la fusi\u00f3n de los ministerios de Econom\u00eda, Planificaci\u00f3n y Desarrollo y el de Hacienda, creado mediante la&nbsp;<strong>ley 45-25<\/strong>&nbsp;al designar a&nbsp;<strong>Mag\u00edn D\u00edaz&nbsp;<\/strong>como el titular de la entidad gubernamental y a los seis viceministros que lo acompa\u00f1ar\u00e1n.<\/p>\n\n\n\n<p>A mediados de este mes, D\u00edaz fue nombrado como ministro de Hacienda en sustituci\u00f3n de<strong>&nbsp;Jos\u00e9 Manuel Vicente&nbsp;<\/strong>(Jochy), quien hab\u00eda renunciado al cargo.<\/p>\n\n\n\n<p>La designaci\u00f3n de D\u00edaz caus\u00f3 malestar dentro de una base del&nbsp;<strong>PRM<\/strong>&nbsp;que, desde que Abinader asumi\u00f3 la Presidencia de la Rep\u00fablica en agosto del 2020, se ha quejado de que no han tenido la oportunidad de ocupar puestos dentro de la<strong>&nbsp;administraci\u00f3n p\u00fablica<\/strong>, a pesar de que ayudaron durante ambas campa\u00f1as electorales; el funcionario ocup\u00f3 la Direcci\u00f3n General de Impuestos Internos (<strong>DGII<\/strong>) durante la \u00faltima gesti\u00f3n de Gobierno de Danilo Medina.<\/p>\n\n\n\n<h3 class=\"wp-block-heading\">Los viceministros<\/h3>\n\n\n\n<p>El nombramiento de D\u00edaz est\u00e1 contenido en el&nbsp;<strong>decreto 426-25<\/strong>, donde tambi\u00e9n se designa a los seis viceministros que lo acompa\u00f1aran en el ministerio.<\/p>\n\n\n\n<p><strong>Derby de los Santos Abreu&nbsp;<\/strong>ser\u00e1 el viceministro del Tesoro y Patrimonio; el actual director general de Presupuesto,&nbsp;<strong>Jos\u00e9 Rijo Presbot,<\/strong>&nbsp;ser\u00e1 el viceministro de Presupuesto y Contabilidad;&nbsp;<strong>Mart\u00edn Francos Rodr\u00edguez<\/strong>, ser\u00e1 el encargado del Viceministerio de Planificaci\u00f3n e Inversi\u00f3n P\u00fablica.&nbsp;<\/p>\n\n\n\n<p>Adem\u00e1s,&nbsp;<strong>Camila Hern\u00e1ndez Villam\u00e1n&nbsp;<\/strong>ser\u00e1 viceministra de Pol\u00edtica Fiscal;&nbsp;<strong>Mar\u00eda Jos\u00e9 Mart\u00ednez Dauhajre<\/strong>&nbsp;titularizar\u00e1 el Viceministerio de Cr\u00e9dito P\u00fablico y&nbsp;<strong>Alexis Vidal Cruz Rodr\u00edguez<\/strong>&nbsp;ser\u00e1 el viceministro de Econom\u00eda.<\/p>\n","protected":false},"excerpt":{"rendered":"<p>El nombramiento de D\u00edaz est\u00e1 contenido en el decreto 426-25, donde tambi\u00e9n se designa a<\/p>\n","protected":false},"author":1,"featured_media":17806,"comment_status":"open","ping_status":"open","sticky":false,"template":"","format":"standard","meta":{"footnotes":""},"categories":[10],"tags":[],"class_list":["post-17805","post","type-post","status-publish","format-standard","has-post-thumbnail","hentry","category-economica"],"_links":{"self":[{"href":"https:\/\/samantharadionline.com\/index.php\/wp-json\/wp\/v2\/posts\/17805","targetHints":{"allow":["GET"]}}],"collection":[{"href":"https:\/\/samantharadionline.com\/index.php\/wp-json\/wp\/v2\/posts"}],"about":[{"href":"https:\/\/samantharadionline.com\/index.php\/wp-json\/wp\/v2\/types\/post"}],"author":[{"embeddable":true,"href":"https:\/\/samantharadionline.com\/index.php\/wp-json\/wp\/v2\/users\/1"}],"replies":[{"embeddable":true,"href":"https:\/\/samantharadionline.com\/index.php\/wp-json\/wp\/v2\/comments?post=17805"}],"version-history":[{"count":1,"href":"https:\/\/samantharadionline.com\/index.php\/wp-json\/wp\/v2\/posts\/17805\/revisions"}],"predecessor-version":[{"id":17807,"href":"https:\/\/samantharadionline.com\/index.php\/wp-json\/wp\/v2\/posts\/17805\/revisions\/17807"}],"wp:featuredmedia":[{"embeddable":true,"href":"https:\/\/samantharadionline.com\/index.php\/wp-json\/wp\/v2\/media\/17806"}],"wp:attachment":[{"href":"https:\/\/samantharadionline.com\/index.php\/wp-json\/wp\/v2\/media?parent=17805"}],"wp:term":[{"taxonomy":"category","embeddable":true,"href":"https:\/\/samantharadionline.com\/index.php\/wp-json\/wp\/v2\/categories?post=17805"},{"taxonomy":"post_tag","embeddable":true,"href":"https:\/\/samantharadionline.com\/index.php\/wp-json\/wp\/v2\/tags?post=17805"}],"curies":[{"name":"wp","href":"https:\/\/api.w.org\/{rel}","templated":true}]}}