{"id":17802,"date":"2025-07-31T09:09:03","date_gmt":"2025-07-31T13:09:03","guid":{"rendered":"https:\/\/samantharadionline.com\/?p=17802"},"modified":"2025-07-31T09:09:04","modified_gmt":"2025-07-31T13:09:04","slug":"cielos-abiertos-potencia-el-turismo-y-bajos-precios-en-el-pais","status":"publish","type":"post","link":"https:\/\/samantharadionline.com\/index.php\/2025\/07\/31\/cielos-abiertos-potencia-el-turismo-y-bajos-precios-en-el-pais\/","title":{"rendered":"Cielos abiertos potencia el turismo y bajos precios en el pa\u00eds"},"content":{"rendered":"\n<p class=\"has-medium-font-size\"><em>El acuerdo de cielos abiertos permite reducir las barreras regulatorias, permitiendo a las aerol\u00edneas operar libremente en rutas internacionales, lo que a menudo trae consigo tarifas m\u00e1s bajas<\/em><\/p>\n\n\n\n<figure class=\"wp-block-image\"><img decoding=\"async\" src=\"https:\/\/listindiario.com\/files\/image_60_60\/uploads\/2025\/06\/12\/684b391707e60.jpeg\" alt=\"Avatar del Nalphy Mart\u00ednez\"\/><\/figure>\n\n\n\n<p><em>\u00a0<\/em>Nalphy Mart\u00ednez, <strong>Santo Domingo, RD\u00a0<\/strong><\/p>\n\n\n\n<p>Sin lugar a dudas, el acuerdo de cielos abiertos logr\u00f3 establecer una conectividad a\u00e9rea entre&nbsp;<strong>Rep\u00fablica Dominicana<\/strong>&nbsp;y&nbsp;<strong>Estados Unidos&nbsp;<\/strong>que ha creado nuevas oportunidades para las aerol\u00edneas, las empresas de viajes y los clientes.<\/p>\n\n\n\n<p>Para el director del&nbsp;<strong>Instituto Dominicano de Aviaci\u00f3n Civil&nbsp;<\/strong>(<strong>IDAC<\/strong>),&nbsp;<strong>Igor Rodr\u00edguez<\/strong>, este acuerdo fomenta una sana competencia entre las l\u00edneas nacionales e internacionales que permite adquirir precios en&nbsp;<strong>tickets a\u00e9reos&nbsp;<\/strong>m\u00e1s bajos que eran imposibles de imaginar antes del tratado.<\/p>\n\n\n\n<p>El acuerdo de cielos abiertos permite reducir las barreras regulatorias, permitiendo a las aerol\u00edneas operar libremente en rutas internacionales, lo que a menudo trae consigo tarifas m\u00e1s bajas, mayor oferta de vuelos y un aumento del turismo en el pa\u00eds.<\/p>\n\n\n\n<figure class=\"wp-block-image\" id=\"m7219-7218-7220\"><img decoding=\"async\" src=\"https:\/\/listindiario.com\/files\/vertical_main_image\/uploads\/2025\/07\/30\/688acd04979f6.jpeg\" alt=\"Igor Rodr\u00edguez\"\/><figcaption class=\"wp-element-caption\">Igor Rodr\u00edguezJos\u00e9 A. Maldonado<\/figcaption><\/figure>\n\n\n\n<p>Rodr\u00edguez explic\u00f3 que, aun cuando el inter\u00e9s principal de desarrollar la aviaci\u00f3n comercial proviene de operadores nacionales, en particular de&nbsp;<strong>Arajet<\/strong>&nbsp;con rutas establecidas en Nueva Jersey y Miami, el pa\u00eds muestra un creciente atractivo para las nuevas aerol\u00edneas internacionales gracias a los esfuerzos por promover el turismo desde destinos no tradicionales.<\/p>\n\n\n\n<p>\u201cComo pasajero, t\u00fa eres el que sabe y tienes la opci\u00f3n\u201d, rectific\u00f3.<\/p>\n\n\n\n<p>Como cualquier econom\u00eda globalizada, se crea una din\u00e1mica de oferta y demanda donde el consumidor pone las reglas del juego y el precio. Si una aerol\u00ednea dominicana, como Arajet, abre muchas rutas y ofrece m\u00e1s asientos, se genera una competencia de precios que beneficia al consumidor con tarifas m\u00e1s bajas.<\/p>\n\n\n\n<figure class=\"wp-block-image\" id=\"m7231-7230-7232\"><img decoding=\"async\" src=\"https:\/\/listindiario.com\/files\/vertical_main_image\/uploads\/2025\/07\/30\/688acdbf3cb7a.jpeg\" alt=\"Gerson Mena, Jorge Luis Ventura, Paola Pl\u00e1, Igor Rodr\u00edguez, Miguel Franjul, Nalphy Mart\u00ednez, Augusto P\u00e9rez Cuevas, Claudio Mart\u00ednez Turb\u00ed y Gender Castro.\"\/><figcaption class=\"wp-element-caption\">Gerson Mena, Jorge Luis Ventura, Paola Pl\u00e1, Igor Rodr\u00edguez, Miguel Franjul, Nalphy Mart\u00ednez, Augusto P\u00e9rez Cuevas, Claudio Mart\u00ednez Turb\u00ed y Gender Castro.Jos\u00e9 A. Maldonado<\/figcaption><\/figure>\n\n\n\n<p>\u201cLa conectividad ha aumentado; el pa\u00eds se beneficia porque m\u00e1s personas comienzan a llegar a la&nbsp;<strong>Rep\u00fablica Dominicana<\/strong>&nbsp;detr\u00e1s de la comodidad, de la compra del ticket, del lugar a donde llegas\u201d, sostuvo al afirmar c\u00f3mo el inter\u00e9s a nivel internacional ha aumentado.<\/p>\n\n\n\n<p>Esta idea fue la que provoc\u00f3 en Arajet la llegada del avi\u00f3n n\u00famero 11, nombrado \u201c<strong>Loma Quita Espuela<\/strong>\u201d, y el n\u00famero 12 ser\u00e1 recibido en noviembre. Incit\u00f3 a las dem\u00e1s aerol\u00edneas a unirse a la competencia para que el p\u00fablico se beneficie del precio y las rutas.<\/p>\n\n\n\n<p><strong>Lea tambi\u00e9n<\/strong><\/p>\n\n\n\n<p>Alerta<\/p>\n\n\n\n<h3 class=\"wp-block-heading\">Peligro en el uso de luces l\u00e1ser&nbsp;<\/h3>\n\n\n\n<p>\u201cEl ciudadano debe entender que cuando hace esas cosas est\u00e1 involucrando vidas humanas\u201d, alert\u00f3, aun cuando los pilotos tienen las medidas necesarias para contrarrestar la desorientaci\u00f3n que provoca el l\u00e1ser por la frecuencia con la que ocurren estos eventos. De contramedida, realizan campa\u00f1as de orientaci\u00f3n y vigilancia para reducir estos eventos y el impacto que puede tener en la p\u00e9rdida de vidas humanas, pero advirti\u00f3 que las personas que son agarradas en el acto tienen consecuencias severas.<br>\u201cEs un elemento no agradable que algunas personas de manera irresponsable usan y como autoridad estamos de acuerdo con que se apliquen la leyes\u201d.<\/p>\n","protected":false},"excerpt":{"rendered":"<p>El acuerdo de cielos abiertos permite reducir las barreras regulatorias, permitiendo a las aerol\u00edneas operar<\/p>\n","protected":false},"author":1,"featured_media":17803,"comment_status":"open","ping_status":"open","sticky":false,"template":"","format":"standard","meta":{"footnotes":""},"categories":[10],"tags":[],"class_list":["post-17802","post","type-post","status-publish","format-standard","has-post-thumbnail","hentry","category-economica"],"_links":{"self":[{"href":"https:\/\/samantharadionline.com\/index.php\/wp-json\/wp\/v2\/posts\/17802","targetHints":{"allow":["GET"]}}],"collection":[{"href":"https:\/\/samantharadionline.com\/index.php\/wp-json\/wp\/v2\/posts"}],"about":[{"href":"https:\/\/samantharadionline.com\/index.php\/wp-json\/wp\/v2\/types\/post"}],"author":[{"embeddable":true,"href":"https:\/\/samantharadionline.com\/index.php\/wp-json\/wp\/v2\/users\/1"}],"replies":[{"embeddable":true,"href":"https:\/\/samantharadionline.com\/index.php\/wp-json\/wp\/v2\/comments?post=17802"}],"version-history":[{"count":1,"href":"https:\/\/samantharadionline.com\/index.php\/wp-json\/wp\/v2\/posts\/17802\/revisions"}],"predecessor-version":[{"id":17804,"href":"https:\/\/samantharadionline.com\/index.php\/wp-json\/wp\/v2\/posts\/17802\/revisions\/17804"}],"wp:featuredmedia":[{"embeddable":true,"href":"https:\/\/samantharadionline.com\/index.php\/wp-json\/wp\/v2\/media\/17803"}],"wp:attachment":[{"href":"https:\/\/samantharadionline.com\/index.php\/wp-json\/wp\/v2\/media?parent=17802"}],"wp:term":[{"taxonomy":"category","embeddable":true,"href":"https:\/\/samantharadionline.com\/index.php\/wp-json\/wp\/v2\/categories?post=17802"},{"taxonomy":"post_tag","embeddable":true,"href":"https:\/\/samantharadionline.com\/index.php\/wp-json\/wp\/v2\/tags?post=17802"}],"curies":[{"name":"wp","href":"https:\/\/api.w.org\/{rel}","templated":true}]}}