{"id":17799,"date":"2025-07-31T09:05:15","date_gmt":"2025-07-31T13:05:15","guid":{"rendered":"https:\/\/samantharadionline.com\/?p=17799"},"modified":"2025-07-31T09:05:16","modified_gmt":"2025-07-31T13:05:16","slug":"aprueban-reforma-al-codigo-penal-mientras-que-el-senado-tambien-podria-realizar-modificaciones","status":"publish","type":"post","link":"https:\/\/samantharadionline.com\/index.php\/2025\/07\/31\/aprueban-reforma-al-codigo-penal-mientras-que-el-senado-tambien-podria-realizar-modificaciones\/","title":{"rendered":"Aprueban reforma al C\u00f3digo Penal, mientras que el Senado tambi\u00e9n podr\u00eda realizar modificaciones"},"content":{"rendered":"\n<p class=\"has-medium-font-size\"><em>La pieza legislativa pasar\u00e1 al Senado de la Rep\u00fablica para ser conocida en una \u00fanica lectura<\/em><\/p>\n\n\n\n<figure class=\"wp-block-image\"><img decoding=\"async\" src=\"https:\/\/listindiario.com\/files\/image_60_60\/uploads\/2023\/05\/16\/64637a1e3ff38.jpeg\" alt=\"Avatar del \u00c1ngel Valdez\"\/><\/figure>\n\n\n\n<p><em>\u00a0<\/em>\u00c1ngel Valdez, <strong>Santo Domingo, RD<\/strong><\/p>\n\n\n\n<p>Tras m\u00e1s de 14 horas de sesi\u00f3n, la&nbsp;<strong>C\u00e1mara de Diputados&nbsp;<\/strong>aprob\u00f3 en segunda discusi\u00f3n el proyecto de ley que reformar\u00eda el&nbsp;<strong>C\u00f3digo Penal&nbsp;<\/strong>del pa\u00eds con una adici\u00f3n superior a las 70 tipificaciones y agravamiento de sanciones.&nbsp;<\/p>\n\n\n\n<p>Esto significa que la\u00a0pieza legislativa\u00a0pasar\u00e1 al\u00a0<strong>Senado de la Rep\u00fablica\u00a0<\/strong>para ser conocida en una \u00fanica lectura. En caso de ser convertida en ley, el Poder Ejecutivo tendr\u00e1 el veredicto, decidiendo sobre la promulgaci\u00f3n o no de lo que puede ser el primer<strong>\u00a0marco penal dominicano.\u00a0<\/strong><\/p>\n\n\n\n<p>La votaci\u00f3n final termin\u00f3 con 159 a favor y 4 votos en contra.<\/p>\n\n\n\n<p>Sin embargo, el presidente de la&nbsp;<strong>C\u00e1mara Alta, Ricardo de los Santos<\/strong>, revel\u00f3 que sus colegas no descartan modificar nuevamente el&nbsp;<strong>documento&nbsp;<\/strong>al recibirlo. De ser alterado, regresar\u00eda a manos de los diputados, donde debe ser aprobada de manera definitiva, ya que, si no lo hiciesen, el proyecto de ley pasa a ser desechado.&nbsp;<\/p>\n\n\n\n<p>En el hemiciclo, m\u00e1s de 50 diputados solicitaron un turno a la palabra y m\u00e1s de 60 propusieron modificaciones, de las cuales no todas fueron aceptadas.<\/p>\n\n\n\n<h3 class=\"wp-block-heading\">Carreras ilegales<\/h3>\n\n\n\n<p>Los representantes de la<strong>&nbsp;C\u00e1mara Baja<\/strong>&nbsp;permanecieron durante horas optando por manifestar sus posiciones en el hemiciclo, valorando la propuesta consensuada con la<strong>&nbsp;Procuradur\u00eda General de la Rep\u00fablica (PGR).&nbsp;<\/strong><\/p>\n\n\n\n<p>Dentro de las acciones por las cuales podr\u00edan ser los&nbsp;<strong>ciudadanos dominicanos encarcelados<\/strong>&nbsp;se encuentra la realizaci\u00f3n de carreras ilegales, siendo condenados con entre 10 o 20 a\u00f1os de prisi\u00f3n mayor. Junto a una multa de 20 a 30 salarios m\u00ednimos del sector p\u00fablico.&nbsp;<\/p>\n\n\n\n<h3 class=\"wp-block-heading\">Ciberbullying<\/h3>\n\n\n\n<p>Adiciona un art\u00edculo luego del 122 para que incluir el \u201c<em>ciberbullying<\/em>\u201d, el cual sucede cuando, a trav\u00e9s de cualquier medio o plataforma digital, una persona comparta o difunda informaci\u00f3n personal, fotos, v\u00eddeos o cualquier otro tipo de material \u00edntimo o humillante, o mensajes, correos electr\u00f3nicos, comentarios o cualquier otra comunicaci\u00f3n en plataforma digital o electr\u00f3nica con contenido amenazante, obsceno, insultante o intimidatorio.&nbsp;<\/p>\n\n\n\n<p>Este delito ser\u00eda penado con dos a cinco a\u00f1os de prisi\u00f3n menor y multa de nueve a quince salarios m\u00ednimos.<\/p>\n\n\n\n<h3 class=\"wp-block-heading\">Eximente para el aborto<\/h3>\n\n\n\n<p>Los\u00a0<strong>congresistas\u00a0<\/strong>entendieron que no era necesario eliminar las sanciones para la interrupci\u00f3n al feto en las<strong>\u00a0tres causales<\/strong>: estas se registran cuando el\u00a0<strong>embarazo\u00a0<\/strong>sea producto de una\u00a0<strong>violaci\u00f3n<\/strong>, al igual que en los casos en los cuales la\u00a0<strong>vida del feto\u00a0<\/strong>o la madre sea inviable.<\/p>\n\n\n\n<p>No obstante, a diferencia del conjunto de leyes actual originado en Francia durante el a\u00f1o 1810, aceptaron colocar un eximente que&nbsp;s\u00ed permite al personal m\u00e9dico realizar este tipo de operaciones para \u00abinterrumpir\u00bb la vida de la criatura.<\/p>\n\n\n\n<p>\u201cLa<strong>&nbsp;interrupci\u00f3n del embarazo<\/strong>&nbsp;practicado por personal de la salud especializado, no ser\u00e1 sancionada si, para salvar la vida de la madre del feto o ambos en peligro, se agotan todos los medios cient\u00edficos y t\u00e9cnicos disponibles al momento del hecho\u201d, indica el p\u00e1rrafo del art\u00edculo 112, titulado \u201cEximente\u201d.<\/p>\n\n\n\n<p>Sin embargo, este apartado no especifica el tipo de tribunal o procedimiento que se desarrollar\u00e1 para determinar que los doctores no tuvieron otra opci\u00f3n, antes de&nbsp;<strong>paralizar los signos vitales.<\/strong>&nbsp;El senador Mois\u00e9s Ayala, quien es doctor en ginecolog\u00eda, sugiri\u00f3 el pasado 22 de julio un p\u00e1rrafo para aclarar este ac\u00e1pite. Pero, su moci\u00f3n no fue acogida.<\/p>\n\n\n\n<p><strong>Lea tambi\u00e9n<\/strong><\/p>\n\n\n\n<h3 class=\"wp-block-heading\">Excenci\u00f3n penal de las iglesias<\/h3>\n\n\n\n<p>Senadores como<strong>&nbsp;Rogelio Genao<\/strong>, principal proponente del documento legislativo, intentan desde la anterior legislatura aprobar en el art\u00edculo 13, de lo que ser\u00eda el nuevo marco penal del&nbsp;<strong>Poder Judicial<\/strong>, una exenci\u00f3n para las iglesias.<\/p>\n\n\n\n<p>\u00abEn el caso de las iglesias, sacerdotes, pastores, l\u00edderes o autoridades religiosas comprometer\u00e1n su responsabilidad penal cuando cometan una infracci\u00f3n en supuesta o real representaci\u00f3n o&nbsp;<strong>gesti\u00f3n de la iglesia<\/strong>, en tales caso, la responsabilidad recaer\u00e1 sobre el infractor\u00bb, esta propuesta presentada por Pacheco fue acogida.&nbsp;<\/p>\n\n\n\n<p>En tanto, la responsabilidad de los partidos pol\u00edticos, movimientos y agrupaciones pol\u00edticas, reconocidos por la Junta Central Electoral (JCE), ser\u00e1n regulados por la Ley 20-23 y 33-18.<\/p>\n\n\n\n<h3 class=\"wp-block-heading\">\u00c1cido del diablo<\/h3>\n\n\n\n<p>En tanto, el art\u00edculo 103 condenar\u00eda los&nbsp;<strong>da\u00f1os por sustancias qu\u00edmicas.<\/strong><\/p>\n\n\n\n<p>Quien arroje a otra persona una<strong>&nbsp;sustancia t\u00f3xica,<\/strong>&nbsp;corrosiva, inflamable o de similar naturaleza, que le cause a la v\u00edctima alguna lesi\u00f3n, ser\u00eda sancionado con una pena de 30 a\u00f1os de prisi\u00f3n mayor y multa de 30 a 40 salarios m\u00ednimos.<\/p>\n\n\n\n<p>\u00abSi la infracci\u00f3n causa la muerte a la v\u00edctima, el autor ser\u00e1 sancionado con pena de cuarenta a\u00f1os de prisi\u00f3n mayor y multa de cincuenta a mil salarios m\u00ednimos del sector p\u00fablico\u00bb, indica el tercer p\u00e1rrafo.<\/p>\n\n\n\n<h3 class=\"wp-block-heading\">Caso Jet Set<\/h3>\n\n\n\n<p>El art\u00edculo 112 tipifica los atentados culposos contra la vida, para que quien por torpeza,&nbsp;<strong>imprudencia<\/strong>,&nbsp;<strong>inadvertencia&nbsp;<\/strong>o&nbsp;<strong>negligencia<\/strong>&nbsp;cause u ocasione la muerte a otro ser\u00eda sancionado con dos a tres a\u00f1os de prisi\u00f3n menor y multa de nueve a quince salarios m\u00ednimos del sector p\u00fablico.<\/p>\n\n\n\n<p>\u00abEl propietario, o la persona que ostente la posesi\u00f3n o el dominio, de un inmueble o instalaci\u00f3n destinada a la&nbsp;<strong>operaci\u00f3n de comercio,<\/strong>&nbsp;espect\u00e1culos de cualquier naturaleza, aparcamiento de veh\u00edculos, hospedaje, pr\u00e1cticas o competencias deportivas, reuniones o convenciones, o cualquier otra actividad p\u00fablica, privada o comercial, que en violaci\u00f3n a las normativas lo obligue a<strong>&nbsp;introducir las reparaciones<\/strong>&nbsp;que sean necesarias, o a observar regulaciones espec\u00edficas de construcci\u00f3n y seguridad f\u00edsica, a realizar ampliaciones con la debida autorizaci\u00f3n, provoque la muerte de varias personas\u00bb, estos casos ser\u00edan clasificado de la siguiente manera:&nbsp;<\/p>\n\n\n\n<p>&#8211;<strong>&nbsp;Si muere una persona<\/strong>, se sancionar\u00e1 con cinco a\u00f1os de prisi\u00f3n menor y multa de nueve a quince salarios m\u00ednimos del sector p\u00fablico;&nbsp;<\/p>\n\n\n\n<p>&#8211;<strong>&nbsp;Si mueren entre dos y cinco personas<\/strong>, se sancionar\u00e1 con cinco a diez a\u00f1os de prisi\u00f3n mayor y multa de diez a veinte salarios m\u00ednimos del sector p\u00fablico;<\/p>\n\n\n\n<p>&#8211;<strong>&nbsp;Si mueren m\u00e1s de cinco personas<\/strong>, se sancionar\u00e1 con diez a\u00f1os de prisi\u00f3n mayor y multa de veinte a treinta salarios m\u00ednimos del sector p\u00fablico.<\/p>\n\n\n\n<h3 class=\"wp-block-heading\">Violencia intrafamiliar<\/h3>\n\n\n\n<p>Ante la preocupaci\u00f3n que manifestaron en la opini\u00f3n p\u00fablica diversos sectores de la sociedad, los diputados tambi\u00e9n agregaron un p\u00e1rrafo para garantizar que la&nbsp;<strong>educaci\u00f3n y disciplina a los hijos<\/strong>&nbsp;por parte de los padres o tutores, \u00absiempre que se haga respetando el principio del inter\u00e9s superior del ni\u00f1o\u00bb, no termine siendo una violaci\u00f3n.&nbsp;<\/p>\n\n\n\n<p><strong>Lea tambi\u00e9n<\/strong><\/p>\n\n\n\n<h3 class=\"wp-block-heading\">Prisi\u00f3n para polic\u00edas<\/h3>\n\n\n\n<p>La mayor\u00eda de legisladores de la C\u00e1mara Baja est\u00e1n de acuerdo con adicionar varios p\u00e1rrafos a un art\u00edculo incluido para los agentes de la&nbsp;<strong>Polic\u00eda Nacional&nbsp;<\/strong>e integrantes de cuerpos castrenses que les impidan a ciudadanos la grabaci\u00f3n durante sus intervenciones.&nbsp;<\/p>\n\n\n\n<p>El art\u00edculo 286 no permitir\u00eda que ning\u00fan miembro militar o policial detenga la&nbsp;<strong>grabaci\u00f3n&nbsp;<\/strong>o&nbsp;<strong>filmaci\u00f3n&nbsp;<\/strong>de un \u00abarresto, registro o allanamiento\u00bb practicado en su contra o contra un tercero.&nbsp;<\/p>\n\n\n\n<p>\u00ab(Ser\u00eda) sancionado con quince d\u00edas a un a\u00f1o de prisi\u00f3n menor y multa de una a dos veces el salario que perciba el imputado al momento de la comisi\u00f3n de la infracci\u00f3n\u00bb, dispone.&nbsp;<\/p>\n\n\n\n<p>No obstante, uno de los parrados incluidos por los diputados aclara que el art\u00edculo no es aplicable \u00abcuando se interfiera con la labor del agente o ponga en riesgo su integridad\u00bb.&nbsp;<\/p>\n\n\n\n<p>Adem\u00e1s, protege a la&nbsp;<strong>persona intervenida<\/strong>, ya que, a pesar de garantizarle el derecho a una tercera persona evidenciar el hecho, \u00abla grabaci\u00f3n solo podr\u00e1 ser publicada\u00bb con su consentimiento.&nbsp;<\/p>\n\n\n\n<h3 class=\"wp-block-heading\">Veh\u00edculos de ciudadanos<\/h3>\n\n\n\n<p>Los&nbsp;<strong>diputados&nbsp;<\/strong>tambi\u00e9n acordaron agregar un art\u00edculo que versa sobre la&nbsp;<strong>revisi\u00f3n injustificada de veh\u00edculos<\/strong>&nbsp;de motor.&nbsp;<\/p>\n\n\n\n<p>\u00abEl agente policial, militar o funcionario encargado de hacer cumplir la ley que ordene o realice la revisi\u00f3n de un veh\u00edculo de motor, fuera de los supuestos expresamente autorizados por la ley, o en ausencia de causa probable de una infracci\u00f3n penal, ser\u00e1 sancionado con quince d\u00edas a un a\u00f1o de prisi\u00f3n menor y multa de uno a dos salarios m\u00ednimos del sector p\u00fablico\u00bb, indica en el contenido.&nbsp;&nbsp;<\/p>\n\n\n\n<p>Si la acci\u00f3n de&nbsp;<strong>polic\u00edas<\/strong>&nbsp;o&nbsp;<strong>militares&nbsp;<\/strong>fuese producida con el \u00abuso de la fuerza injustificada, da\u00f1o al veh\u00edculo, intimidaci\u00f3n o da\u00f1o personal\u00bb la pena ser\u00eda aumentada de uno a dos a\u00f1os de prisi\u00f3n menor. Al igual que elevar\u00eda la multa de tres a seis salarios m\u00ednimos.&nbsp;<\/p>\n","protected":false},"excerpt":{"rendered":"<p>La pieza legislativa pasar\u00e1 al Senado de la Rep\u00fablica para ser conocida en una \u00fanica<\/p>\n","protected":false},"author":1,"featured_media":17800,"comment_status":"open","ping_status":"open","sticky":false,"template":"","format":"standard","meta":{"footnotes":""},"categories":[12],"tags":[],"class_list":["post-17799","post","type-post","status-publish","format-standard","has-post-thumbnail","hentry","category-nacionales"],"_links":{"self":[{"href":"https:\/\/samantharadionline.com\/index.php\/wp-json\/wp\/v2\/posts\/17799","targetHints":{"allow":["GET"]}}],"collection":[{"href":"https:\/\/samantharadionline.com\/index.php\/wp-json\/wp\/v2\/posts"}],"about":[{"href":"https:\/\/samantharadionline.com\/index.php\/wp-json\/wp\/v2\/types\/post"}],"author":[{"embeddable":true,"href":"https:\/\/samantharadionline.com\/index.php\/wp-json\/wp\/v2\/users\/1"}],"replies":[{"embeddable":true,"href":"https:\/\/samantharadionline.com\/index.php\/wp-json\/wp\/v2\/comments?post=17799"}],"version-history":[{"count":1,"href":"https:\/\/samantharadionline.com\/index.php\/wp-json\/wp\/v2\/posts\/17799\/revisions"}],"predecessor-version":[{"id":17801,"href":"https:\/\/samantharadionline.com\/index.php\/wp-json\/wp\/v2\/posts\/17799\/revisions\/17801"}],"wp:featuredmedia":[{"embeddable":true,"href":"https:\/\/samantharadionline.com\/index.php\/wp-json\/wp\/v2\/media\/17800"}],"wp:attachment":[{"href":"https:\/\/samantharadionline.com\/index.php\/wp-json\/wp\/v2\/media?parent=17799"}],"wp:term":[{"taxonomy":"category","embeddable":true,"href":"https:\/\/samantharadionline.com\/index.php\/wp-json\/wp\/v2\/categories?post=17799"},{"taxonomy":"post_tag","embeddable":true,"href":"https:\/\/samantharadionline.com\/index.php\/wp-json\/wp\/v2\/tags?post=17799"}],"curies":[{"name":"wp","href":"https:\/\/api.w.org\/{rel}","templated":true}]}}