{"id":17795,"date":"2025-07-30T20:12:28","date_gmt":"2025-07-31T00:12:28","guid":{"rendered":"https:\/\/samantharadionline.com\/?p=17795"},"modified":"2025-07-30T20:12:29","modified_gmt":"2025-07-31T00:12:29","slug":"es-regresiva-la-reforma-al-codigo-penal-segun-ministra-de-la-mujer","status":"publish","type":"post","link":"https:\/\/samantharadionline.com\/index.php\/2025\/07\/30\/es-regresiva-la-reforma-al-codigo-penal-segun-ministra-de-la-mujer\/","title":{"rendered":"Es regresiva la reforma al C\u00f3digo Penal, seg\u00fan Ministra de la Mujer\u00a0"},"content":{"rendered":"\n<p class=\"has-medium-font-size\"><em>La C\u00e1mara de Diputados tiene previsto conocer este mi\u00e9rcoles el proyecto de reforma del C\u00f3digo Penal, que de ser aprobado volver\u00eda al Senado<\/em><\/p>\n\n\n\n<figure class=\"wp-block-image\"><img decoding=\"async\" src=\"https:\/\/listindiario.com\/files\/image_60_60\/uploads\/2024\/12\/26\/676db5a258b6d.jpeg\" alt=\"Avatar del Scharazade Rodr\u00edguez\"\/><\/figure>\n\n\n\n<p><em>\u00a0<\/em>Scharazade Rodr\u00edguez, <strong>Santo Domingo, RD.\u00a0<\/strong><\/p>\n\n\n\n<p>La ministra de la Mujer,&nbsp;<strong>Mayra Jim\u00e9nez<\/strong>, calific\u00f3 el&nbsp;<strong>proyecto de C\u00f3digo Penal&nbsp;<\/strong>dominicano como una reforma regresiva, al considerar que este no garantiza \u201cplenamente\u201d los derechos de las mujeres en el pa\u00eds.<\/p>\n\n\n\n<p>\u201cUna reforma que no garantiza plenamente los derechos de las mujeres, las adolescentes y las ni\u00f1as\u201d, dijo Jim\u00e9nez en su participaci\u00f3n en el acto con motivo al&nbsp;<strong>D\u00eda Mundial de la Trata de Personas<\/strong>&nbsp;celebrado en la sede del&nbsp;<strong>Ministerio de Relaciones Exteriores (Mirex)<\/strong>.<\/p>\n\n\n\n<p>Las declaraciones de la ministra surgen despu\u00e9s que se dejara fuera del proyecto la despenalizaci\u00f3n del&nbsp;<strong><a href=\"https:\/\/listindiario.com\/la-republica\/20250721\/senado-aprueba-segunda-lectura-codigo-penal-causales_866912.html\" target=\"_blank\" rel=\"noreferrer noopener\">aborto&nbsp;<\/a><\/strong>cuando peligra la vida de la madre, en casos de violaci\u00f3n o incesto, y cuando el feto presenta malformaciones incompatibles con la vida.<\/p>\n\n\n\n<p>La semana pasada, el&nbsp;<strong>Senado de la Rep\u00fablica<\/strong>&nbsp;aprob\u00f3 a unanimidad, en segunda discusi\u00f3n, el proyecto de ley que busca<strong>&nbsp;reformar el C\u00f3digo Penal<\/strong>&nbsp;del pa\u00eds, sin la despenalizaci\u00f3n del aborto bajo tres causales excepcionales.<\/p>\n\n\n\n<p><strong>Mayra Jim\u00e9nez<\/strong>&nbsp;se\u00f1al\u00f3 que la posici\u00f3n durante estos a\u00f1os de discusi\u00f3n sobre los<strong>&nbsp;derechos de la mujer<\/strong>&nbsp;en el pa\u00eds ha sido de acompa\u00f1amiento t\u00e9cnico al Congreso para que se adopte una normativa en correspondencia a los&nbsp;<strong>derechos humanos de la mujer.<\/strong><\/p>\n\n\n\n<p>Asimismo, indic\u00f3 que las constantes<strong>&nbsp;muertes de mujeres<\/strong>&nbsp;en el pa\u00eds es una problem\u00e1tica que persiste y que ha sido agravada en las \u00faltimas dos d\u00e9cadas.<\/p>\n\n\n\n<p>Sin embargo, explic\u00f3 que en los \u00faltimos cuatro a\u00f1os las estad\u00edsticas han evidenciado que la violencia en contra de la mujer \u201cha bajado\u201d.<\/p>\n\n\n\n<p>\u201cAl pasar de 96 casos promedio que ten\u00eda la Rep\u00fablica Dominicana en el pasado, entre el a\u00f1o 2005 y el a\u00f1o 2019 a 66 casos entre el periodo 2020-2024\u201d, precis\u00f3 la titular de la entidad.<\/p>\n","protected":false},"excerpt":{"rendered":"<p>La C\u00e1mara de Diputados tiene previsto conocer este mi\u00e9rcoles el proyecto de reforma del C\u00f3digo<\/p>\n","protected":false},"author":1,"featured_media":17796,"comment_status":"open","ping_status":"open","sticky":false,"template":"","format":"standard","meta":{"footnotes":""},"categories":[12],"tags":[],"class_list":["post-17795","post","type-post","status-publish","format-standard","has-post-thumbnail","hentry","category-nacionales"],"_links":{"self":[{"href":"https:\/\/samantharadionline.com\/index.php\/wp-json\/wp\/v2\/posts\/17795","targetHints":{"allow":["GET"]}}],"collection":[{"href":"https:\/\/samantharadionline.com\/index.php\/wp-json\/wp\/v2\/posts"}],"about":[{"href":"https:\/\/samantharadionline.com\/index.php\/wp-json\/wp\/v2\/types\/post"}],"author":[{"embeddable":true,"href":"https:\/\/samantharadionline.com\/index.php\/wp-json\/wp\/v2\/users\/1"}],"replies":[{"embeddable":true,"href":"https:\/\/samantharadionline.com\/index.php\/wp-json\/wp\/v2\/comments?post=17795"}],"version-history":[{"count":1,"href":"https:\/\/samantharadionline.com\/index.php\/wp-json\/wp\/v2\/posts\/17795\/revisions"}],"predecessor-version":[{"id":17797,"href":"https:\/\/samantharadionline.com\/index.php\/wp-json\/wp\/v2\/posts\/17795\/revisions\/17797"}],"wp:featuredmedia":[{"embeddable":true,"href":"https:\/\/samantharadionline.com\/index.php\/wp-json\/wp\/v2\/media\/17796"}],"wp:attachment":[{"href":"https:\/\/samantharadionline.com\/index.php\/wp-json\/wp\/v2\/media?parent=17795"}],"wp:term":[{"taxonomy":"category","embeddable":true,"href":"https:\/\/samantharadionline.com\/index.php\/wp-json\/wp\/v2\/categories?post=17795"},{"taxonomy":"post_tag","embeddable":true,"href":"https:\/\/samantharadionline.com\/index.php\/wp-json\/wp\/v2\/tags?post=17795"}],"curies":[{"name":"wp","href":"https:\/\/api.w.org\/{rel}","templated":true}]}}