{"id":17791,"date":"2025-07-30T20:09:22","date_gmt":"2025-07-31T00:09:22","guid":{"rendered":"https:\/\/samantharadionline.com\/?p=17791"},"modified":"2025-07-30T20:09:23","modified_gmt":"2025-07-31T00:09:23","slug":"arrestaran-a-policias-que-impidan-a-ciudadanos-grabar","status":"publish","type":"post","link":"https:\/\/samantharadionline.com\/index.php\/2025\/07\/30\/arrestaran-a-policias-que-impidan-a-ciudadanos-grabar\/","title":{"rendered":"Arrestar\u00e1n a polic\u00edas que impidan a ciudadanos  grabar"},"content":{"rendered":"\n<p class=\"has-medium-font-size\"><em>El art\u00edculo 286 no permitir\u00eda que ning\u00fan miembro militar o policial detenga la grabaci\u00f3n o filmaci\u00f3n de un \u00abarresto, registro o allanamiento\u00bb practicado en su contra o contra un tercero<\/em><\/p>\n\n\n\n<figure class=\"wp-block-image\"><img decoding=\"async\" src=\"https:\/\/listindiario.com\/files\/image_60_60\/uploads\/2023\/05\/16\/64637a1e3ff38.jpeg\" alt=\"Avatar del \u00c1ngel Valdez\"\/><\/figure>\n\n\n\n<p><em>\u00a0<\/em>\u00c1ngel Valdez,<strong> Santo Domingo, RD\u00a0<\/strong><\/p>\n\n\n\n<p>La comisi\u00f3n especial de la<strong>&nbsp;C\u00e1mara de Diputados<\/strong>&nbsp;present\u00f3 este mi\u00e9rcoles en la sesi\u00f3n extraordinaria un informe que contiene las modificaciones propuestas para reformar el&nbsp;<strong>C\u00f3digo Penal&nbsp;<\/strong>del pa\u00eds.<\/p>\n\n\n\n<p>El centenar de sugerencias consensuadas con la Procuradur\u00eda General de la Rep\u00fablica (<strong>PGR<\/strong>), la Defensor\u00eda P\u00fablica y otros estamentos del Estado, solo deben ser aprobadas en segunda discusi\u00f3n por los diputados para ser<strong>&nbsp;enviadas al Senado de la Rep\u00fablica<\/strong>, donde terminar\u00eda el procedimiento legislativo. De ser favorecida en una \u00fanica lectura, la decisi\u00f3n de su promulgaci\u00f3n quedar\u00eda sobre la decisi\u00f3n del<strong>&nbsp;Poder Ejecutivo<\/strong>.<\/p>\n\n\n\n<p>El informe a\u00fan no ha sido acogido. Sin embargo, la mayor\u00eda de legisladores de la c\u00e1mara baja est\u00e1n de acuerdo con adicionar varios p\u00e1rrafos a un art\u00edculo incluido por los senadores en lo que podr\u00eda ser el nuevo marco penal dominicano para sancionar a los agentes de la Polic\u00eda Nacional o de los cuerpos castrenses que les impidan a ciudadanos la grabaci\u00f3n durante sus intervenciones.<\/p>\n\n\n\n<p>El art\u00edculo 286 no permitir\u00eda que ning\u00fan miembro militar o policial detenga la grabaci\u00f3n o filmaci\u00f3n de un \u00ab<strong>arresto<\/strong>,&nbsp;<strong>registro o allanamiento<\/strong>\u00abpracticado en su contra o contra un tercero.<\/p>\n\n\n\n<p>\u00ab(Ser\u00eda) sancionado con quince d\u00edas a un a\u00f1o de prisi\u00f3n menor y multa de una a dos veces el salario que perciba el imputado al momento de la comisi\u00f3n de la infracci\u00f3n\u00bb, dispone.<\/p>\n\n\n\n<p>No obstante, uno de los parrados incluidos por los diputados aclara que el art\u00edculo no es aplicable \u00abcuando se interfiera con la labor del agente o ponga en riesgo su integridad\u00bb.<\/p>\n\n\n\n<p>Adem\u00e1s, protege a la persona intervenida, ya que, a pesar de garantizarle el derecho a una tercera persona evidenciar el hecho, \u00abla grabaci\u00f3n solo podr\u00e1 ser publicada\u00bb con su consentimiento.<\/p>\n\n\n\n<h3 class=\"wp-block-heading\">Veh\u00edculos de ciudadanos<\/h3>\n\n\n\n<p>Los diputados tambi\u00e9n acordaron agregar un art\u00edculo que versa sobre la revisi\u00f3n injustificada de veh\u00edculos de motor.<\/p>\n\n\n\n<p>\u00ab<strong>El agente policial, militar o funcionario encargado<\/strong>&nbsp;de hacer cumplir la ley que ordene o realice la revisi\u00f3n de un veh\u00edculo de motor, fuera de los supuestos expresamente autorizados por la ley, o en ausencia de causa probable de una infracci\u00f3n penal, ser\u00e1 sancionado con quince d\u00edas a un a\u00f1o de prisi\u00f3n menor y multa de uno a dos salarios m\u00ednimos del sector p\u00fablico\u00bb, indica en el contenido.<\/p>\n\n\n\n<p>Si la acci\u00f3n de polic\u00edas o militares fuese producida con el \u00abuso de la fuerza injustificada, da\u00f1o al veh\u00edculo, intimidaci\u00f3n o da\u00f1o personal\u00bb la pena ser\u00eda aumentada de uno a dos a\u00f1os de prisi\u00f3n menor. Al igual que elevar\u00eda la multa de tres a seis salarios m\u00ednimos.<\/p>\n\n\n\n<p>El documento que contempla las variaciones fue firmado por los representantes de las principales bancadas pol\u00edticas de la c\u00e1mara baja:<strong>&nbsp;Partido Revolucionario Moderno&nbsp;<\/strong>(<strong>PRM<\/strong>), Fuerza del Pueblo (FP) y Partido de la Liberaci\u00f3n Dominicana (PLD).<\/p>\n\n\n\n<h3 class=\"wp-block-heading\">M\u00e1s modificaciones<\/h3>\n\n\n\n<p>El proyecto de ley dispone tambi\u00e9n nuevas tipificaciones penales. Estas son la acumulaci\u00f3n de penas; el terrorismo, sicariato, genocidio; infracciones muy graves de guerra, infracciones de lesa humanidad; desaparici\u00f3n forzada de personas;&nbsp;<strong>feminicidio<\/strong>, feminicidio agravado, feminicidio conexo, violencia conexa en escenario feminicida; inducci\u00f3n al suicidio, cooperaci\u00f3n al suicidio; da\u00f1os con sustancias qu\u00edmicas (<strong>\u00e1cido del diablo<\/strong>).<\/p>\n\n\n\n<p>Adem\u00e1s, el trato cruel, inhumano o degradante; robo de identidad, robo de identidad agravado; perturbaci\u00f3n telef\u00f3nica; difusi\u00f3n de audio e im\u00e1genes sin consentimiento; divulgaci\u00f3n de informaci\u00f3n secreta; captaci\u00f3n y uso de datos personales; estudios gen\u00e9ticos sin consentimiento; manipulaci\u00f3n il\u00edcita de genes; fecundaci\u00f3n de \u00f3vulos para fines distintos a la procreaci\u00f3n; reproducci\u00f3n asistida no consentida; actividad sexual no consentida.<\/p>\n\n\n\n<p>Por \u00faltimo, participaci\u00f3n de grupos en infracciones muy graves de guerra; negligencia o imprudencia en el control de los subordinados; atentado imprudente contra la vida;&nbsp;<strong>responsabilidad de persona jur\u00eddica por atentado culposo contra la vida<\/strong>; bullying, bullying agravado; operaciones comerciales con ni\u00f1os y adolescentes. Al igual que responsabilidades de persona jur\u00eddica que provocan incapacidades con m\u00e1s de 60 d\u00edas, entre otras.<\/p>\n","protected":false},"excerpt":{"rendered":"<p>El art\u00edculo 286 no permitir\u00eda que ning\u00fan miembro militar o policial detenga la grabaci\u00f3n o<\/p>\n","protected":false},"author":1,"featured_media":17792,"comment_status":"open","ping_status":"open","sticky":false,"template":"","format":"standard","meta":{"footnotes":""},"categories":[12],"tags":[],"class_list":["post-17791","post","type-post","status-publish","format-standard","has-post-thumbnail","hentry","category-nacionales"],"_links":{"self":[{"href":"https:\/\/samantharadionline.com\/index.php\/wp-json\/wp\/v2\/posts\/17791","targetHints":{"allow":["GET"]}}],"collection":[{"href":"https:\/\/samantharadionline.com\/index.php\/wp-json\/wp\/v2\/posts"}],"about":[{"href":"https:\/\/samantharadionline.com\/index.php\/wp-json\/wp\/v2\/types\/post"}],"author":[{"embeddable":true,"href":"https:\/\/samantharadionline.com\/index.php\/wp-json\/wp\/v2\/users\/1"}],"replies":[{"embeddable":true,"href":"https:\/\/samantharadionline.com\/index.php\/wp-json\/wp\/v2\/comments?post=17791"}],"version-history":[{"count":1,"href":"https:\/\/samantharadionline.com\/index.php\/wp-json\/wp\/v2\/posts\/17791\/revisions"}],"predecessor-version":[{"id":17793,"href":"https:\/\/samantharadionline.com\/index.php\/wp-json\/wp\/v2\/posts\/17791\/revisions\/17793"}],"wp:featuredmedia":[{"embeddable":true,"href":"https:\/\/samantharadionline.com\/index.php\/wp-json\/wp\/v2\/media\/17792"}],"wp:attachment":[{"href":"https:\/\/samantharadionline.com\/index.php\/wp-json\/wp\/v2\/media?parent=17791"}],"wp:term":[{"taxonomy":"category","embeddable":true,"href":"https:\/\/samantharadionline.com\/index.php\/wp-json\/wp\/v2\/categories?post=17791"},{"taxonomy":"post_tag","embeddable":true,"href":"https:\/\/samantharadionline.com\/index.php\/wp-json\/wp\/v2\/tags?post=17791"}],"curies":[{"name":"wp","href":"https:\/\/api.w.org\/{rel}","templated":true}]}}