{"id":17770,"date":"2025-07-30T08:38:49","date_gmt":"2025-07-30T12:38:49","guid":{"rendered":"https:\/\/samantharadionline.com\/?p=17770"},"modified":"2025-07-30T08:38:50","modified_gmt":"2025-07-30T12:38:50","slug":"raful-llega-a-tribunales-contra-dos-difamaciones-de-angel-martinez-e-ingrid-jorge","status":"publish","type":"post","link":"https:\/\/samantharadionline.com\/index.php\/2025\/07\/30\/raful-llega-a-tribunales-contra-dos-difamaciones-de-angel-martinez-e-ingrid-jorge\/","title":{"rendered":"Raful llega a tribunales contra dos difamaciones de \u00c1ngel Mart\u00ednez e Ingrid Jorge"},"content":{"rendered":"\n<p class=\"has-medium-font-size\"><em>\u00a0\u00a0Las garant\u00eda econ\u00f3mica \u00c1ngel Mart\u00ednez, es de medio mill\u00f3n de pesos, y a La Torita de 200 mil pesos<\/em><\/p>\n\n\n\n<figure class=\"wp-block-image\"><img decoding=\"async\" src=\"https:\/\/listindiario.com\/files\/image_60_60\/uploads\/2025\/01\/21\/678fb9bbee568.png\" alt=\"Avatar del Yeil\u00edn Pe\u00f1a\"\/><\/figure>\n\n\n\n<p><em>\u00a0<\/em>Yeil\u00edn Pe\u00f1a, <strong>Santo Domingo, RD.<\/strong><\/p>\n\n\n\n<p><strong>Faride Raful<\/strong>&nbsp;enfrent\u00f3 este martes dos audiencias por&nbsp;<strong>difamaci\u00f3n&nbsp;<\/strong>contra&nbsp;<strong><a href=\"https:\/\/listindiario.com\/la-republica\/justicia\/20250729\/imponen-garantia-economica-angel-martinez-caso-difamacion-faride_868050.html\">\u00c1ngel Mart\u00ednez<\/a>&nbsp;<\/strong>e&nbsp;<strong>Ingrid Jorge.<\/strong><\/p>\n\n\n\n<p>En el caso del comunicador Mart\u00ednez, el juez&nbsp;<strong>Raymundo Mej\u00eda<\/strong>, del Primer Juzgado de la Instrucci\u00f3n del Distrito Nacional, impuso una garant\u00eda econ\u00f3mica de&nbsp;<strong>medio mill\u00f3n de pesos<\/strong>,&nbsp;<strong>impedimento de salida del pa\u00eds<\/strong>&nbsp;y presentaci\u00f3n peri\u00f3dica.<\/p>\n\n\n\n<p>El abogado de la parte querellante,&nbsp;<strong>Miguel Valerio<\/strong>, indic\u00f3 que fueron \u201ccondescendientes\u201d con Mart\u00ednez al no oponerse a que enfrentara el proceso en libertad.<\/p>\n\n\n\n<p>Esto se debi\u00f3 al comportamiento del imputado en las audiencias.<\/p>\n\n\n\n<p>Valerio describi\u00f3 a Mart\u00ednez como una persona que \u201c<strong>entiende est\u00e1 por encima de la ley<\/strong>\u201d y que su detenci\u00f3n s\u00ed se debi\u00f3 a \u201c<strong>la forma grosera<\/strong>\u201d en que este trat\u00f3 al juez durante la audiencia.<\/p>\n\n\n\n<p><strong>Lea tambi\u00e9n<\/strong><\/p>\n\n\n\n<p>En esa l\u00ednea, Valerio indic\u00f3 que el juez en su sentencia dej\u00f3 claro que fue \u201c<strong>por su propia motivaci\u00f3n y su propio comportamiento en el tribunal<\/strong>\u201d.<\/p>\n\n\n\n<p>Sin embargo, el abogado de Mart\u00ednez,&nbsp;<strong>Carlos Mesa<\/strong>, contradijo a Valerio diciendo que su defendido&nbsp;<strong>no profiri\u00f3 ninguna palabra ofensiva<\/strong>&nbsp;al magistrado, como se hab\u00eda alegado anteriormente.<\/p>\n\n\n\n<p>\u201cEn la resoluci\u00f3n del 23 de julio est\u00e1 claro que \u00c1ngel no emiti\u00f3 ninguna palabra descompuesta al juez; ah\u00ed est\u00e1 la verdad\u201d, afirm\u00f3.<\/p>\n\n\n\n<p>Minutos despu\u00e9s de concluida esa audiencia,\u00a0<strong>Raful<\/strong>\u00a0se traslad\u00f3 al otro extremo del Palacio de\u00a0<strong>Justicia<\/strong>\u00a0de Ciudad Nueva para participar en la decisi\u00f3n relacionada con el mismo delito, esta vez contra la comunicadora\u00a0<strong>Ingrid Jorge<\/strong>, conocida como \u00ab<strong>La Torita<\/strong>\u00ab.<\/p>\n\n\n\n<p>En este segundo caso, la jueza&nbsp;<strong>Yanibet Rivas<\/strong>, del Sexto Juzgado de la Instrucci\u00f3n del Distrito Nacional, impuso como&nbsp;<strong>medida de coerci\u00f3n<\/strong>&nbsp;impedimento de salida del pa\u00eds, presentaci\u00f3n peri\u00f3dica y una garant\u00eda econ\u00f3mica de&nbsp;<strong>200 mil pesos en efectivo<\/strong>.<\/p>\n\n\n\n<p>Ambos procesos fueron interpuestos por Raful por declaraciones difamatorias en su contra.<\/p>\n\n\n\n<h3 class=\"wp-block-heading\">comportamiento de los imputados<\/h3>\n\n\n\n<p>Al comparar la actitud de los imputados durante las audiencias, el abogado de la funcionaria destac\u00f3 que Mart\u00ednez tuvo un comportamiento \u00ab<strong>grosero<\/strong>\u201d frente al tribunal, mientras que Ingrid Jorge actu\u00f3 \u201cde manera civilizada\u201d.<\/p>\n\n\n\n<p>Valerio tambi\u00e9n agreg\u00f3 que est\u00e1n conformes con la decisi\u00f3n y que Raful dar\u00e1 continuidad al proceso judicial.<\/p>\n","protected":false},"excerpt":{"rendered":"<p>\u00a0\u00a0Las garant\u00eda econ\u00f3mica \u00c1ngel Mart\u00ednez, es de medio mill\u00f3n de pesos, y a La Torita<\/p>\n","protected":false},"author":1,"featured_media":17771,"comment_status":"open","ping_status":"open","sticky":false,"template":"","format":"standard","meta":{"footnotes":""},"categories":[12],"tags":[],"class_list":["post-17770","post","type-post","status-publish","format-standard","has-post-thumbnail","hentry","category-nacionales"],"_links":{"self":[{"href":"https:\/\/samantharadionline.com\/index.php\/wp-json\/wp\/v2\/posts\/17770","targetHints":{"allow":["GET"]}}],"collection":[{"href":"https:\/\/samantharadionline.com\/index.php\/wp-json\/wp\/v2\/posts"}],"about":[{"href":"https:\/\/samantharadionline.com\/index.php\/wp-json\/wp\/v2\/types\/post"}],"author":[{"embeddable":true,"href":"https:\/\/samantharadionline.com\/index.php\/wp-json\/wp\/v2\/users\/1"}],"replies":[{"embeddable":true,"href":"https:\/\/samantharadionline.com\/index.php\/wp-json\/wp\/v2\/comments?post=17770"}],"version-history":[{"count":1,"href":"https:\/\/samantharadionline.com\/index.php\/wp-json\/wp\/v2\/posts\/17770\/revisions"}],"predecessor-version":[{"id":17772,"href":"https:\/\/samantharadionline.com\/index.php\/wp-json\/wp\/v2\/posts\/17770\/revisions\/17772"}],"wp:featuredmedia":[{"embeddable":true,"href":"https:\/\/samantharadionline.com\/index.php\/wp-json\/wp\/v2\/media\/17771"}],"wp:attachment":[{"href":"https:\/\/samantharadionline.com\/index.php\/wp-json\/wp\/v2\/media?parent=17770"}],"wp:term":[{"taxonomy":"category","embeddable":true,"href":"https:\/\/samantharadionline.com\/index.php\/wp-json\/wp\/v2\/categories?post=17770"},{"taxonomy":"post_tag","embeddable":true,"href":"https:\/\/samantharadionline.com\/index.php\/wp-json\/wp\/v2\/tags?post=17770"}],"curies":[{"name":"wp","href":"https:\/\/api.w.org\/{rel}","templated":true}]}}