{"id":17763,"date":"2025-07-29T20:37:27","date_gmt":"2025-07-30T00:37:27","guid":{"rendered":"https:\/\/samantharadionline.com\/?p=17763"},"modified":"2025-07-29T20:37:28","modified_gmt":"2025-07-30T00:37:28","slug":"me-atrevo-a-decir-que-en-las-proximas-horas-tendremos-codigo-penal","status":"publish","type":"post","link":"https:\/\/samantharadionline.com\/index.php\/2025\/07\/29\/me-atrevo-a-decir-que-en-las-proximas-horas-tendremos-codigo-penal\/","title":{"rendered":"\u00abMe atrevo a decir que en las pr\u00f3ximas horas tendremos C\u00f3digo Penal\u00bb"},"content":{"rendered":"\n<p class=\"has-medium-font-size\"><em>Los diputados aceptaron realizar una pausa en la sesi\u00f3n extraordinaria para otorgarle un plazo de dos horas a la mesa legislativa que se encargar\u00e1 de preparar un documento<\/em><\/p>\n\n\n\n<figure class=\"wp-block-image\"><img decoding=\"async\" src=\"https:\/\/listindiario.com\/files\/image_60_60\/uploads\/2023\/05\/16\/64637a1e3ff38.jpeg\" alt=\"Avatar del \u00c1ngel Valdez\"\/><\/figure>\n\n\n\n<p><em>\u00a0<\/em>\u00c1ngel Valdez, <strong>Santo Domingo, RD<\/strong><\/p>\n\n\n\n<p>La comisi\u00f3n de representantes designada por la&nbsp;<strong>C\u00e1mara de Diputados&nbsp;<\/strong>inform\u00f3 este martes que termin\u00f3, junto a la&nbsp;<strong>Procuradur\u00eda General de la Rep\u00fablica (PGR)<\/strong>, la jornada de revisi\u00f3n realizada al proyecto de reforma a la<strong>&nbsp;Ley del C\u00f3digo Penal<\/strong>.<\/p>\n\n\n\n<p>El presidente de la C\u00e1mara de Diputados,&nbsp;<strong>Alfredo Pacheco<\/strong>, conform\u00f3 esta tarde una nueva comisi\u00f3n especial, en la cual ampli\u00f3 la lista de integrantes, para realizar un informe final sobre las m\u00e1s de 100 modificaciones dialogadas por los congresistas con la&nbsp;<strong>procuradora Yeni Berenice Reynoso<\/strong>.<\/p>\n\n\n\n<p>Los diputados aceptaron realizar una pausa en la&nbsp;<strong>sesi\u00f3n extraordinaria<\/strong>&nbsp;para otorgarle un plazo de dos horas a la&nbsp;<strong>mesa legislativa<\/strong>&nbsp;que se encargar\u00e1 de preparar un documento sobre las alteraciones al marco penal.<\/p>\n\n\n\n<p>Sin embargo, Pacheco asegur\u00f3 que la discusi\u00f3n de las<strong>&nbsp;propuestas individuales<\/strong>&nbsp;de los&nbsp;<strong>congresistas<\/strong>&nbsp;a\u00fan no ser\u00e1 desarrollada, ya que el tiempo no es suficiente.<\/p>\n\n\n\n<p>\u00abNo os asust\u00e9is, que no vamos a decidir el fondo de este proyecto el d\u00eda de hoy (martes) porque soy un hombre de firme compromiso, nos hemos comprometido a no impedir que ning\u00fan&nbsp;<strong>diputado&nbsp;<\/strong>que quiera hacer uso de la palabra o presentar una moci\u00f3n pueda hacerlo, por lo tanto, hoy no da tiempo para hacerlo\u00bb, afirm\u00f3.<\/p>\n\n\n\n<p>Aun as\u00ed, asegur\u00f3 que la<strong>\u00a0sociedad dominicana<\/strong>\u00a0tendr\u00e1 \u00aben las pr\u00f3ximas horas\u00bb un nuevo<strong>\u00a0C\u00f3digo Penal<\/strong>.<\/p>\n\n\n\n<p>\u00abAhora si me atrevo a decir que en las pr\u00f3ximas horas tendremos&nbsp;<strong>C\u00f3digo Penal&nbsp;<\/strong>en la Rep\u00fablica Dominicana. Estamos en la ejecuci\u00f3n de los acuerdos\u00bb, destac\u00f3 el representante del bloque oficialista.<\/p>\n\n\n\n<p>Pacheco exhort\u00f3 a los miembros de la comisi\u00f3n, \u00ables guste o no\u00bb, cumplan con los acuerdos de modificaci\u00f3n trazados en la propuesta del conjunto de&nbsp;<strong>leyes penales<\/strong>.<\/p>\n\n\n\n<h3 class=\"wp-block-heading\">Bancadas<\/h3>\n\n\n\n<p>Los\u00a0<strong>diputados<\/strong>\u00a0que asumieron la responsabilidad de entrar el<a href=\"https:\/\/listindiario.com\/la-republica\/20250729\/alfredo-pacheco-proximas-horas-tendremos-codigo-penal_867992.html\">\u00a0<\/a><strong>documento final\u00a0<\/strong>ante el plano de los representantes son los siguientes:\u00a0<strong>Wandy Batista<\/strong>, quien funge de presidente;\u00a0<strong>Eugenio Cede\u00f1o, Mar\u00eda Mercedes, Mayobanex Escoto, Manuel S\u00e1nchez, Carolin Mercedes, Carlos de P\u00e9rez<\/strong>.<\/p>\n\n\n\n<p>Adem\u00e1s, participar\u00e1n los voceros de las bancadas, como es el caso de Rafa Castillo por la Fuerza del Pueblo (FP), Gustavo S\u00e1nchez del Partido de la Liberaci\u00f3n Dominicana (PLD) y Amado D\u00edaz del Partido Revolucionario Moderno (PRM). Los presidentes de bloques pol\u00edticos tambi\u00e9n tienen permitida la asistencia a la reuni\u00f3n.<\/p>\n\n\n\n<p>\u00abComo es normal, los voceros de las diferentes bancadas que tambi\u00e9n quieran ir a ver de lo aprobado por la comisi\u00f3n\u00bb, al concluir el encuentro, los diputados regresar\u00e1n a la sesi\u00f3n para conocer las conclusiones.<\/p>\n\n\n\n<p>El&nbsp;<strong>proyecto de ley<\/strong>&nbsp;fue aprobado en una primera discusi\u00f3n. Por lo que \u00fanicamente debe ser favorecida nuevamente y enviada al Senado de la Rep\u00fablica, donde los&nbsp;<strong>legisladores&nbsp;<\/strong>deber\u00e1n decir si aceptan las modificaciones para entregarla al Poder Ejecutivo con miras a alcanzar la promulgaci\u00f3n.<\/p>\n\n\n\n<h3 class=\"wp-block-heading\">Castraci\u00f3n qu\u00edmica<\/h3>\n\n\n\n<p>Dentro de las propuestas que recomendar\u00edan los diputados est\u00e1 la eliminaci\u00f3n del art\u00edculo que permite el&nbsp;<strong>tratamiento hormonal voluntario<\/strong>. \u00abUna especie de&nbsp;<strong>castraci\u00f3n qu\u00edmica<\/strong>&nbsp;con el consentimiento del acusado\u00bb, indica un texto compartido a periodistas de manera extraoficial por representantes.<\/p>\n\n\n\n<p>Al igual que mantener la imprescriptibilidad de las&nbsp;<strong>penas muy graves&nbsp;<\/strong>contra la&nbsp;<strong>humanidad<\/strong>, \u00abcomo por ejemplo homicidio, desaparici\u00f3n forzada o cr\u00edmenes de lesa humanidad\u00bb, entre otras.<\/p>\n\n\n\n<p>Los diputados pretenden agregar en el art\u00edculo 121 la tipificaci\u00f3n del&nbsp;<strong>ciberbullying<\/strong>, refiri\u00e9ndose a los hechos registrados en las redes sociales.<\/p>\n\n\n\n<p>Mientras que en el art\u00edculo 125 aumentar\u00eda la pena de la<strong>&nbsp;violencia intrafamiliar&nbsp;<\/strong>de cinco a 10 a\u00f1os. Lo mismo suceder\u00eda con el homicidio, el cual ser\u00eda elevado con cinco a 20 a\u00f1os, teniendo en cuenta que actualmente est\u00e1 penado con c\u00e1rcel a partir de los tres.<\/p>\n\n\n\n<h3 class=\"wp-block-heading\">Sexo en pareja e incesto<\/h3>\n\n\n\n<p>Con relaci\u00f3n a la&nbsp;<strong>actividad sexual no consentida<\/strong>&nbsp;entre pareja o esposos, penada en el art\u00edculo 135, se aumentar\u00eda la&nbsp;<strong>sanci\u00f3n cancelaria<\/strong>&nbsp;de cuatro a 10, para colocarla de 10 a 20.<\/p>\n\n\n\n<p>En tanto, los diputados eval\u00faan la posibilidad de eliminar el art\u00edculo 140, que tipifica el \u201c<strong>incesto<\/strong>\u201d. \u00abporque el incesto est\u00e1 contenido dentro de la&nbsp;<strong>agresi\u00f3n sexual<\/strong>, es una cuesti\u00f3n moral, no jur\u00eddica. Hay much\u00edsimas familias entre adultos que est\u00e1n casados y tienen hijos. El que atenta sea sexualmente contra su propio hijo, no est\u00e1 cometiendo incesto, est\u00e1 cometiendo agresi\u00f3n sexual, agravada por ser, adem\u00e1s incestuosa\u00bb, consideran algunos diputados.<\/p>\n\n\n\n<h3 class=\"wp-block-heading\">Disparos al aire<\/h3>\n\n\n\n<p>Los representantes tambi\u00e9n pretenden agravar las penas de los&nbsp;<strong>disparos al aire&nbsp;<\/strong>de manera&nbsp;<strong>imprudente<\/strong>, situadas en el art\u00edculo 163. Por otro lado, el art\u00edculo 184 sobre la discriminaci\u00f3n recibir\u00eda un aumento en la pena de 15 d\u00edas a un a\u00f1o, llegando a dos, hasta tres a\u00f1os.<\/p>\n\n\n\n<p>\u00ab<strong>Adulteraci\u00f3n&nbsp;<\/strong>o<strong>&nbsp;falsificaci\u00f3n de medicamentos<\/strong>,&nbsp;<strong>alimentos&nbsp;<\/strong>y&nbsp;<strong>bebida&nbsp;<\/strong>en el art\u00edculo 164, se cambi\u00f3 la redacci\u00f3n para poner m\u00e1s grave cuando la falsificaci\u00f3n es de medicamento que cuando es de bebidas\u00bb, concluye la informaci\u00f3n compartida al List\u00edn Diario.<\/p>\n","protected":false},"excerpt":{"rendered":"<p>Los diputados aceptaron realizar una pausa en la sesi\u00f3n extraordinaria para otorgarle un plazo de<\/p>\n","protected":false},"author":1,"featured_media":17764,"comment_status":"open","ping_status":"open","sticky":false,"template":"","format":"standard","meta":{"footnotes":""},"categories":[12],"tags":[],"class_list":["post-17763","post","type-post","status-publish","format-standard","has-post-thumbnail","hentry","category-nacionales"],"_links":{"self":[{"href":"https:\/\/samantharadionline.com\/index.php\/wp-json\/wp\/v2\/posts\/17763","targetHints":{"allow":["GET"]}}],"collection":[{"href":"https:\/\/samantharadionline.com\/index.php\/wp-json\/wp\/v2\/posts"}],"about":[{"href":"https:\/\/samantharadionline.com\/index.php\/wp-json\/wp\/v2\/types\/post"}],"author":[{"embeddable":true,"href":"https:\/\/samantharadionline.com\/index.php\/wp-json\/wp\/v2\/users\/1"}],"replies":[{"embeddable":true,"href":"https:\/\/samantharadionline.com\/index.php\/wp-json\/wp\/v2\/comments?post=17763"}],"version-history":[{"count":1,"href":"https:\/\/samantharadionline.com\/index.php\/wp-json\/wp\/v2\/posts\/17763\/revisions"}],"predecessor-version":[{"id":17765,"href":"https:\/\/samantharadionline.com\/index.php\/wp-json\/wp\/v2\/posts\/17763\/revisions\/17765"}],"wp:featuredmedia":[{"embeddable":true,"href":"https:\/\/samantharadionline.com\/index.php\/wp-json\/wp\/v2\/media\/17764"}],"wp:attachment":[{"href":"https:\/\/samantharadionline.com\/index.php\/wp-json\/wp\/v2\/media?parent=17763"}],"wp:term":[{"taxonomy":"category","embeddable":true,"href":"https:\/\/samantharadionline.com\/index.php\/wp-json\/wp\/v2\/categories?post=17763"},{"taxonomy":"post_tag","embeddable":true,"href":"https:\/\/samantharadionline.com\/index.php\/wp-json\/wp\/v2\/tags?post=17763"}],"curies":[{"name":"wp","href":"https:\/\/api.w.org\/{rel}","templated":true}]}}