{"id":17756,"date":"2025-07-29T20:29:08","date_gmt":"2025-07-30T00:29:08","guid":{"rendered":"https:\/\/samantharadionline.com\/?p=17756"},"modified":"2025-07-29T20:29:09","modified_gmt":"2025-07-30T00:29:09","slug":"presentacion-periodica-e-impedimento-de-salida-a-ingrid-jorge-la-torita","status":"publish","type":"post","link":"https:\/\/samantharadionline.com\/index.php\/2025\/07\/29\/presentacion-periodica-e-impedimento-de-salida-a-ingrid-jorge-la-torita\/","title":{"rendered":"Presentaci\u00f3n peri\u00f3dica e impedimento de salida a Ingrid Jorge \u00abLa Torita\u00bb"},"content":{"rendered":"\n<p class=\"has-medium-font-size\"><em>La jueza tambi\u00e9n orden\u00f3 a Ingrid Jorge pagar una garant\u00eda econ\u00f3mica de RD$200,000 en efectivo<\/em><\/p>\n\n\n\n<figure class=\"wp-block-image\"><img decoding=\"async\" src=\"https:\/\/listindiario.com\/files\/image_60_60\/uploads\/2025\/01\/21\/678fb9bbee568.png\" alt=\"Avatar del Yeil\u00edn Pe\u00f1a\"\/><\/figure>\n\n\n\n<p><em>\u00a0<\/em>Yeil\u00edn Pe\u00f1a, <strong>Santo Domingo, RD\u00a0<\/strong><\/p>\n\n\n\n<p>La jueza Yanibet Rivas, del Sexto Juzgado de la Instrucci\u00f3n del Distrito Nacional, impuso impedimento de salida, presentaci\u00f3n peri\u00f3dica para\u00a0<strong>Ingrid Jorge<\/strong>\u00a0alias \u00ab<strong>La Torita<\/strong>\u00ab, acusada de difamaci\u00f3n contra la ministra de Interior y Polic\u00eda,<strong>\u00a0Faride Raful.<\/strong><\/p>\n\n\n\n<p>La&nbsp;<strong>jueza tambi\u00e9n orden\u00f3 a Ingrid Jorge pagar una garant\u00eda econ\u00f3mica de RD$200,000 en efectivo<\/strong>.<\/p>\n\n\n\n<p>En la querella interpuesta por la funcionaria,&nbsp; se acusa a Jorge de violar los art\u00edculos 21 y 22 de la Ley 53-07 sobre Cr\u00edmenes y Delitos de Alta Tecnolog\u00eda y el art\u00edculo 367 del&nbsp;<strong>C\u00f3digo Penal Dominicano.<\/strong><\/p>\n\n\n\n<p>En la instancia se aduce que los se\u00f1alamientos difundidos por Jorge son injuriosos y carentes de fundamento, con el aparente objetivo de da\u00f1ar la imagen p\u00fablica y profesional de la ministra<strong>&nbsp;Faride Raful<\/strong>.<\/p>\n","protected":false},"excerpt":{"rendered":"<p>La jueza tambi\u00e9n orden\u00f3 a Ingrid Jorge pagar una garant\u00eda econ\u00f3mica de RD$200,000 en efectivo<\/p>\n","protected":false},"author":1,"featured_media":17757,"comment_status":"open","ping_status":"open","sticky":false,"template":"","format":"standard","meta":{"footnotes":""},"categories":[11],"tags":[],"class_list":["post-17756","post","type-post","status-publish","format-standard","has-post-thumbnail","hentry","category-entretenimiento"],"_links":{"self":[{"href":"https:\/\/samantharadionline.com\/index.php\/wp-json\/wp\/v2\/posts\/17756","targetHints":{"allow":["GET"]}}],"collection":[{"href":"https:\/\/samantharadionline.com\/index.php\/wp-json\/wp\/v2\/posts"}],"about":[{"href":"https:\/\/samantharadionline.com\/index.php\/wp-json\/wp\/v2\/types\/post"}],"author":[{"embeddable":true,"href":"https:\/\/samantharadionline.com\/index.php\/wp-json\/wp\/v2\/users\/1"}],"replies":[{"embeddable":true,"href":"https:\/\/samantharadionline.com\/index.php\/wp-json\/wp\/v2\/comments?post=17756"}],"version-history":[{"count":1,"href":"https:\/\/samantharadionline.com\/index.php\/wp-json\/wp\/v2\/posts\/17756\/revisions"}],"predecessor-version":[{"id":17758,"href":"https:\/\/samantharadionline.com\/index.php\/wp-json\/wp\/v2\/posts\/17756\/revisions\/17758"}],"wp:featuredmedia":[{"embeddable":true,"href":"https:\/\/samantharadionline.com\/index.php\/wp-json\/wp\/v2\/media\/17757"}],"wp:attachment":[{"href":"https:\/\/samantharadionline.com\/index.php\/wp-json\/wp\/v2\/media?parent=17756"}],"wp:term":[{"taxonomy":"category","embeddable":true,"href":"https:\/\/samantharadionline.com\/index.php\/wp-json\/wp\/v2\/categories?post=17756"},{"taxonomy":"post_tag","embeddable":true,"href":"https:\/\/samantharadionline.com\/index.php\/wp-json\/wp\/v2\/tags?post=17756"}],"curies":[{"name":"wp","href":"https:\/\/api.w.org\/{rel}","templated":true}]}}