{"id":17750,"date":"2025-07-29T14:59:20","date_gmt":"2025-07-29T18:59:20","guid":{"rendered":"https:\/\/samantharadionline.com\/?p=17750"},"modified":"2025-07-29T14:59:21","modified_gmt":"2025-07-29T18:59:21","slug":"dos-tribunales-que-conoceran-coercion-a-angel-martinez-e-ingrid-jorge","status":"publish","type":"post","link":"https:\/\/samantharadionline.com\/index.php\/2025\/07\/29\/dos-tribunales-que-conoceran-coercion-a-angel-martinez-e-ingrid-jorge\/","title":{"rendered":"Dos tribunales que conocer\u00e1n coerci\u00f3n a \u00c1ngel Mart\u00ednez e Ingrid Jorge"},"content":{"rendered":"\n<p class=\"has-medium-font-size\"><em>Raful defendi\u00f3 su derecho a la intimidad y al honor, exigiendo responsabilidades por los se\u00f1alamientos que buscan manchar su reputaci\u00f3n<\/em><\/p>\n\n\n\n<figure class=\"wp-block-image\"><img decoding=\"async\" src=\"https:\/\/listindiario.com\/files\/image_60_60\/uploads\/2023\/05\/11\/645d0fa7541ad.png\" alt=\"Avatar del Ram\u00f3n Cruz Benz\u00e1n\"\/><\/figure>\n\n\n\n<p><em>\u00a0<\/em>Ram\u00f3n Cruz Benz\u00e1n, <strong>SANTO DOMINGO, RD<\/strong><\/p>\n\n\n\n<p>La ministra de Interior y Polic\u00eda, Faride Virginia Raful Soriano, estar\u00e1 esta tarde en dos tribunales del Palacio de Justicia de Ciudad Nueva, en el conocimiento de medida de coerci\u00f3n en contra de los comunicadores \u00c1ngel Mart\u00ednez e Ingrid Jorge (La Torita), a quienes acusas de difamaci\u00f3n e injuria.<\/p>\n\n\n\n<p>Para las dos de las 2: 00 tarde, el juez del primer juzgado de la instrucci\u00f3n del Distrito Nacional, Reymundo Mejia, tiene previsto el conocimiento de la solicitud de medida de coerci\u00f3n en contra de \u00c1ngel Martinez.<\/p>\n\n\n\n<p>Mientras que la jueza Yanibet Rivas, del Sexto Juzgado de la Instrucci\u00f3n del Distrito Nacional, tiene previsto el conocimiento de una solicitud de medida de coerci\u00f3n en contra de La Torita.<\/p>\n\n\n\n<p>En ambos casos los tribunales citaron a la ministra de Interior, a trav\u00e9s de su abogado Miguel Valerio, para que estuviera presentes en las medidas de coerci\u00f3n,<\/p>\n\n\n\n<p>Cabe destacar que en la audiencia del pasado miercoles, el juez Mej\u00eda dej\u00f3 preso a \u00c1ngel Mart\u00ednez por delito de audiencia, hasta tanto se conozca este marte la solicitud de medida de coerci\u00f3n en su contra.<\/p>\n\n\n\n<p>En la querella se acusa a Mart\u00ednez y a Jorge de violar los art\u00edculos 21 y 22 de la Ley 53-07 sobre Cr\u00edmenes y Delitos de Alta Tecnolog\u00eda y el art\u00edculo 367 del C\u00f3digo Penal Dominicano.<\/p>\n\n\n\n<p>La instancia, depositada el pasado 30 de mayo, se fundamenta en graves acusaciones de difamaci\u00f3n, da\u00f1os y perjuicios, as\u00ed como en afirmaciones falsas que vinculan a la funcionaria con actividades il\u00edcitas y conductas sexuales inapropiadas.<\/p>\n\n\n\n<p>En la instancia presentada por separado, se aduce que los se\u00f1alamientos difundidos por Mart\u00ednez y Jorge son injuriosos y carentes de fundamento, con el aparente objetivo de da\u00f1ar la imagen p\u00fablica y profesional de la ministra Faride Raful.<\/p>\n\n\n\n<p>Raful defendi\u00f3 su derecho a la intimidad y al honor, exigiendo responsabilidades por los se\u00f1alamientos que buscan manchar su reputaci\u00f3n.<\/p>\n\n\n\n<p>La ministra conf\u00eda en que la justicia actuar\u00e1 con contundencia para proteger sus derechos y sentar un precedente contra la desinformaci\u00f3n malintencionada.<\/p>\n","protected":false},"excerpt":{"rendered":"<p>Raful defendi\u00f3 su derecho a la intimidad y al honor, exigiendo responsabilidades por los se\u00f1alamientos<\/p>\n","protected":false},"author":1,"featured_media":17751,"comment_status":"open","ping_status":"open","sticky":false,"template":"","format":"standard","meta":{"footnotes":""},"categories":[12],"tags":[],"class_list":["post-17750","post","type-post","status-publish","format-standard","has-post-thumbnail","hentry","category-nacionales"],"_links":{"self":[{"href":"https:\/\/samantharadionline.com\/index.php\/wp-json\/wp\/v2\/posts\/17750","targetHints":{"allow":["GET"]}}],"collection":[{"href":"https:\/\/samantharadionline.com\/index.php\/wp-json\/wp\/v2\/posts"}],"about":[{"href":"https:\/\/samantharadionline.com\/index.php\/wp-json\/wp\/v2\/types\/post"}],"author":[{"embeddable":true,"href":"https:\/\/samantharadionline.com\/index.php\/wp-json\/wp\/v2\/users\/1"}],"replies":[{"embeddable":true,"href":"https:\/\/samantharadionline.com\/index.php\/wp-json\/wp\/v2\/comments?post=17750"}],"version-history":[{"count":1,"href":"https:\/\/samantharadionline.com\/index.php\/wp-json\/wp\/v2\/posts\/17750\/revisions"}],"predecessor-version":[{"id":17752,"href":"https:\/\/samantharadionline.com\/index.php\/wp-json\/wp\/v2\/posts\/17750\/revisions\/17752"}],"wp:featuredmedia":[{"embeddable":true,"href":"https:\/\/samantharadionline.com\/index.php\/wp-json\/wp\/v2\/media\/17751"}],"wp:attachment":[{"href":"https:\/\/samantharadionline.com\/index.php\/wp-json\/wp\/v2\/media?parent=17750"}],"wp:term":[{"taxonomy":"category","embeddable":true,"href":"https:\/\/samantharadionline.com\/index.php\/wp-json\/wp\/v2\/categories?post=17750"},{"taxonomy":"post_tag","embeddable":true,"href":"https:\/\/samantharadionline.com\/index.php\/wp-json\/wp\/v2\/tags?post=17750"}],"curies":[{"name":"wp","href":"https:\/\/api.w.org\/{rel}","templated":true}]}}