{"id":17743,"date":"2025-07-29T14:53:39","date_gmt":"2025-07-29T18:53:39","guid":{"rendered":"https:\/\/samantharadionline.com\/?p=17743"},"modified":"2025-07-29T14:53:39","modified_gmt":"2025-07-29T18:53:39","slug":"amplian-la-pista-de-la-base-aerea-de-san-isidro-y-construiran-nuevo-aeropuerto-alterno","status":"publish","type":"post","link":"https:\/\/samantharadionline.com\/index.php\/2025\/07\/29\/amplian-la-pista-de-la-base-aerea-de-san-isidro-y-construiran-nuevo-aeropuerto-alterno\/","title":{"rendered":"Ampl\u00edan la pista de la Base A\u00e9rea de San Isidro y construir\u00e1n nuevo aeropuerto alterno"},"content":{"rendered":"\n<p class=\"has-medium-font-size\"><em>La modernizaci\u00f3n de la base militar ascienden a unos RD$825 millones, seg\u00fan las autoridades<\/em><\/p>\n\n\n\n<figure class=\"wp-block-image\"><img decoding=\"async\" src=\"https:\/\/listindiario.com\/files\/image_60_60\/uploads\/2025\/07\/13\/68743be1bedc5.jpeg\" alt=\"Avatar del Sauro Scalella\"\/><\/figure>\n\n\n\n<p><em>\u00a0<\/em>Sauro Scalella, <strong>Santo Domingo, RD<\/strong><\/p>\n\n\n\n<p>El presidente<strong>&nbsp;Luis Abinader<\/strong>&nbsp;supervis\u00f3 el \u00e1rea de ensamblaje de los aviones militares&nbsp;<strong>TP-75 Dulus<\/strong>, que realiza la&nbsp;<strong>Fuerza A\u00e9rea de Rep\u00fablica Dominicana (FARD)<\/strong>, y recorri\u00f3 la ampliaci\u00f3n de la pista de aterrizaje de emergencia de la Base A\u00e9rea de San Isidro, lo que convertir\u00eda la&nbsp;estaci\u00f3n militar en un aeropuerto alterno.<\/p>\n\n\n\n<p>El\u00a0<strong>TP-75 Dulus\u00a0<\/strong>es una aeronave liviana concebida, ensamblada y operada por talento dominicano, subray\u00f3 el viceministro de Defensa para Asuntos A\u00e9reos y Espaciales, mayor general t\u00e9cnico de aviaci\u00f3n<strong>\u00a0Carlos Ram\u00f3n Febrillet.<\/strong><\/p>\n\n\n\n<p>Al menos cinco aviones de ese tipo ya han sido ensamblados y, para diciembre, seg\u00fan Febrillet, estar\u00e1n listos otros diez para sobrevolar y resguardar la frontera dominicano-haitiana.<\/p>\n\n\n\n<p>\u201c<strong>El Dulus no es un prototipo m\u00e1s<\/strong>, es una realidad operativa. Hemos pasado de ser consumidores de tecnolog\u00eda a ser productores de capacidades industriales alineadas a est\u00e1ndares internacionales\u201d, dijo Febrillet.<\/p>\n\n\n\n<figure class=\"wp-block-image\" id=\"m73586-73585-73587\"><img decoding=\"async\" src=\"https:\/\/listindiario.com\/files\/vertical_main_image\/uploads\/2025\/07\/29\/6888ff345c878.jpeg\" alt=\"El viceministro de Defensa para Asuntos A\u00e9reos y Espaciales ofrece detalles del proceso de ensamblaje del Dulus al presidente Abinader y los invitados.\"\/><figcaption class=\"wp-element-caption\">El viceministro de Defensa para Asuntos A\u00e9reos y Espaciales ofrece detalles del proceso de ensamblaje del Dulus al presidente Abinader y los invitados.Presidencia<\/figcaption><\/figure>\n\n\n\n<p>Indic\u00f3 que esta aeronave ligera ha acumulado&nbsp;<strong>m\u00e1s de 1,055 horas de vuelo&nbsp;<\/strong>y ha sido clave para la formaci\u00f3n de 33 pilotos dominicanos, entre ellos capitanes de nave, dictadores certificados y oficiales en entrenamiento.<\/p>\n\n\n\n<p>El\u00a0<strong>TP-75 Dulus<\/strong>, seg\u00fan el viceministro, ha demostrado su destreza en condiciones extremas, participando en ferias internacionales como FIDAES 2024 en Chile, FAMES 2025 en M\u00e9xico y una reciente exhibici\u00f3n en R\u00edo Negro, Medell\u00edn, Colombia, cuyo consumo fue de 29 galones de combustible.<\/p>\n\n\n\n<p>En su traves\u00eda a Chile,&nbsp;<strong>recorri\u00f3 m\u00e1s de 4,000 millas<\/strong>&nbsp;sobrevolando pa\u00edses como Brasil, Paraguay y Argentina, y alcanzando altitudes de hasta 20,000 pies para cruzar la Cordillera de los Andes.<\/p>\n\n\n\n<p>Super\u00f3 retos meteorol\u00f3gicos en la selva amaz\u00f3nica y la Cordillera de los Andes, y consumi\u00f3 240 galones de combustible, lo que represent\u00f3<strong>&nbsp;menos de USD$1,000<\/strong>, subray\u00f3 Febrillet.<\/p>\n\n\n\n<p>En su ruta a M\u00e9xico, el Dulus vol\u00f3 desde Santo Domingo hasta La Habana y luego a Ciudad de M\u00e9xico, con un consumo de apenas 94 galones, menos de 500 d\u00f3lares en combustible. All\u00ed realiz\u00f3 acrobacias con tanques adicionales que aumentan su autonom\u00eda de vuelo.<\/p>\n\n\n\n<figure class=\"wp-block-image\" id=\"m73598-73597-73599\"><img decoding=\"async\" src=\"https:\/\/listindiario.com\/files\/vertical_main_image\/uploads\/2025\/07\/29\/6888ff6a05f64.jpeg\" alt=\"El presidente Abinader observa el interior de unos de los aviones Tucano.\"\/><figcaption class=\"wp-element-caption\">El presidente Abinader observa el interior de unos de los aviones Tucano.Presidencia<\/figcaption><\/figure>\n\n\n\n<p>\u201cEstas misiones confirman que el Dulus no solo puede operar con eficiencia, sino que ha superado est\u00e1ndares internacionales en condiciones reales y escenarios de alto riesgo\u201d, dijo Febrillet durante la presentaci\u00f3n del \u00e1rea de ensamblaje.<\/p>\n\n\n\n<h3 class=\"wp-block-heading\">Pista de aterrizaje e iluminaci\u00f3n<\/h3>\n\n\n\n<p>Con la ampliaci\u00f3n de la pista de aterrizaje y la instalaci\u00f3n de las luces,<strong>&nbsp;el Gobierno busca convertir la Base A\u00e9rea de San Isidro<\/strong>&nbsp;en un aeropuerto externo (similar al Aeropuerto de Las Am\u00e9ricas), para que aeronaves de mayor capacidad puedan aterrizar con seguridad, informaron las autoridades.<\/p>\n\n\n\n<p>La Base A\u00e9rea ha estado bajo un proceso de modernizaci\u00f3n, que incluye m\u00e1s equipamiento e infraestructura f\u00edsica, como&nbsp;<strong>una torre de control de unos 30 metros de altura<\/strong>, cuya fecha de entrega ser\u00e1 el pr\u00f3ximo 30 de agosto.<\/p>\n\n\n\n<p>\u201cEsta torre de control est\u00e1 certificada para resistir, a prop\u00f3sito de que estamos en el trayecto de huracanes,&nbsp;<strong>vientos de categor\u00eda 5<\/strong>\u201d, dijo el director del Instituto Dominicano de Aviaci\u00f3n Civil (IDAC), Igor Rodr\u00edguez.<\/p>\n\n\n\n<p>La inversi\u00f3n que realiza el IDAC en estos proyectos ronda los RD$650 millones, mientras que la inversi\u00f3n para la ampliaci\u00f3n de la pista y la iluminaci\u00f3n asciende a unos<strong>&nbsp;RD$175 millones, que estar\u00eda lista para octubre.<\/strong><\/p>\n\n\n\n<p>\u201cTodo este reforzamiento ayuda a la seguridad a\u00e9rea y, principalmente en este caso, fortalece a la Fuerza A\u00e9rea dominicana con un aeropuerto completo, como no lo ten\u00eda antes. Es un aeropuerto alterno, que le da seguridad y nos eleva a la categor\u00eda del Aeropuerto Internacional de las Am\u00e9ricas\u201d, dijo el presidente Abinader.<\/p>\n\n\n\n<figure class=\"wp-block-image\" id=\"m73610-73609-73611\"><img decoding=\"async\" src=\"https:\/\/listindiario.com\/files\/vertical_main_image\/uploads\/2025\/07\/29\/6888ffa209e9b.jpeg\" alt=\"El presidente Abinader habla ante la prensa en el cierre del recorrido.\"\/><figcaption class=\"wp-element-caption\">El presidente Abinader habla ante la prensa en el cierre del recorrido. Presidencia<\/figcaption><\/figure>\n","protected":false},"excerpt":{"rendered":"<p>La modernizaci\u00f3n de la base militar ascienden a unos RD$825 millones, seg\u00fan las autoridades \u00a0Sauro<\/p>\n","protected":false},"author":1,"featured_media":17744,"comment_status":"open","ping_status":"open","sticky":false,"template":"","format":"standard","meta":{"footnotes":""},"categories":[10],"tags":[],"class_list":["post-17743","post","type-post","status-publish","format-standard","has-post-thumbnail","hentry","category-economica"],"_links":{"self":[{"href":"https:\/\/samantharadionline.com\/index.php\/wp-json\/wp\/v2\/posts\/17743","targetHints":{"allow":["GET"]}}],"collection":[{"href":"https:\/\/samantharadionline.com\/index.php\/wp-json\/wp\/v2\/posts"}],"about":[{"href":"https:\/\/samantharadionline.com\/index.php\/wp-json\/wp\/v2\/types\/post"}],"author":[{"embeddable":true,"href":"https:\/\/samantharadionline.com\/index.php\/wp-json\/wp\/v2\/users\/1"}],"replies":[{"embeddable":true,"href":"https:\/\/samantharadionline.com\/index.php\/wp-json\/wp\/v2\/comments?post=17743"}],"version-history":[{"count":1,"href":"https:\/\/samantharadionline.com\/index.php\/wp-json\/wp\/v2\/posts\/17743\/revisions"}],"predecessor-version":[{"id":17745,"href":"https:\/\/samantharadionline.com\/index.php\/wp-json\/wp\/v2\/posts\/17743\/revisions\/17745"}],"wp:featuredmedia":[{"embeddable":true,"href":"https:\/\/samantharadionline.com\/index.php\/wp-json\/wp\/v2\/media\/17744"}],"wp:attachment":[{"href":"https:\/\/samantharadionline.com\/index.php\/wp-json\/wp\/v2\/media?parent=17743"}],"wp:term":[{"taxonomy":"category","embeddable":true,"href":"https:\/\/samantharadionline.com\/index.php\/wp-json\/wp\/v2\/categories?post=17743"},{"taxonomy":"post_tag","embeddable":true,"href":"https:\/\/samantharadionline.com\/index.php\/wp-json\/wp\/v2\/tags?post=17743"}],"curies":[{"name":"wp","href":"https:\/\/api.w.org\/{rel}","templated":true}]}}