{"id":17725,"date":"2025-07-28T21:28:23","date_gmt":"2025-07-29T01:28:23","guid":{"rendered":"https:\/\/samantharadionline.com\/?p=17725"},"modified":"2025-07-28T21:28:24","modified_gmt":"2025-07-29T01:28:24","slug":"hombre-mata-a-su-pareja-y-vecinos-lo-lincharon","status":"publish","type":"post","link":"https:\/\/samantharadionline.com\/index.php\/2025\/07\/28\/hombre-mata-a-su-pareja-y-vecinos-lo-lincharon\/","title":{"rendered":"Hombre mata a su pareja y vecinos lo lincharon"},"content":{"rendered":"\n<p class=\"has-medium-font-size\"><em>El informe policial indic\u00f3 que Nesla sufri\u00f3 traumatismo contuso m\u00faltiple severo en cr\u00e1neo y cara, ocasionado presuntamente por su pareja<\/em><\/p>\n\n\n\n<figure class=\"wp-block-image\"><img decoding=\"async\" src=\"https:\/\/listindiario.com\/files\/image_60_60\/uploads\/2025\/07\/13\/68743be1bedc5.jpeg\" alt=\"Avatar del Sauro Scalella\"\/><\/figure>\n\n\n\n<p><em>\u00a0<\/em>Sauro Scalella, <strong>Santo Domingo, RD<\/strong><\/p>\n\n\n\n<p>Una joven haitiana, de 19 a\u00f1os, fue asesinada por su pareja sentimental, de 22, en un hecho registrado en el barrio Capotillo, Distrito Nacional, inform\u00f3 este lunes el vocero de la Polic\u00eda Nacional, coronel Diego Pesqueira.<\/p>\n\n\n\n<p>Tras el crimen, una multitud del lugar linch\u00f3 al agresor, caus\u00e1ndole la muerte a golpes, seg\u00fan confirm\u00f3 Pesqueira en rueda de prensa desde la sede de la instituci\u00f3n del orden.<\/p>\n\n\n\n<p>Las v\u00edctimas fueron identificadas como Nesla Garson (19 a\u00f1os) y Galberto Morl\u00e1n (22).<\/p>\n\n\n\n<p>\u201cAmbos fallecimientos se encuentran bajo investigaci\u00f3n\u201d, dijo Pesqueira.<\/p>\n\n\n\n<p>El informe policial indic\u00f3 que Nesla sufri\u00f3 traumatismo contuso m\u00faltiple severo en cr\u00e1neo y cara, ocasionado presuntamente por su pareja.<\/p>\n\n\n\n<p>Pesqueira ofreci\u00f3 los detalles tras la conclusi\u00f3n de la reuni\u00f3n de seguimiento al Plan de Seguridad Ciudadana, que se celebra cada lunes en el Palacio de la Polic\u00eda Nacional.<\/p>\n\n\n\n<p>En esta ocasi\u00f3n la reuni\u00f3n arrib\u00f3 a su edici\u00f3n n\u00famero 100, encabezada por el presidente Luis Abinader.<\/p>\n\n\n\n<p>A diferencia de otras ocasiones, en esta conferencia de prensa no estuvieron presentes el director de la Polic\u00eda Nacional, Ram\u00f3n Guzm\u00e1n Peralta, ni la ministra de Interior y Polic\u00eda, Faride Raful.<\/p>\n\n\n\n<p>Pesqueira, adem\u00e1s, inform\u00f3 que a la fecha la tasa acumulada de homicidios por cada 100 mil habitantes se ubic\u00f3 en 8.29.<\/p>\n\n\n\n<p>\u201cEn esta reuni\u00f3n de hoy se pasaron balances a todo lo que es la criminalidad en el territorio nacional, evidenci\u00e1ndose que 25 provincias se encuentran por debajo de un d\u00edgito\u201d, indic\u00f3.<\/p>\n","protected":false},"excerpt":{"rendered":"<p>El informe policial indic\u00f3 que Nesla sufri\u00f3 traumatismo contuso m\u00faltiple severo en cr\u00e1neo y cara,<\/p>\n","protected":false},"author":1,"featured_media":17726,"comment_status":"open","ping_status":"open","sticky":false,"template":"","format":"standard","meta":{"footnotes":""},"categories":[12],"tags":[],"class_list":["post-17725","post","type-post","status-publish","format-standard","has-post-thumbnail","hentry","category-nacionales"],"_links":{"self":[{"href":"https:\/\/samantharadionline.com\/index.php\/wp-json\/wp\/v2\/posts\/17725","targetHints":{"allow":["GET"]}}],"collection":[{"href":"https:\/\/samantharadionline.com\/index.php\/wp-json\/wp\/v2\/posts"}],"about":[{"href":"https:\/\/samantharadionline.com\/index.php\/wp-json\/wp\/v2\/types\/post"}],"author":[{"embeddable":true,"href":"https:\/\/samantharadionline.com\/index.php\/wp-json\/wp\/v2\/users\/1"}],"replies":[{"embeddable":true,"href":"https:\/\/samantharadionline.com\/index.php\/wp-json\/wp\/v2\/comments?post=17725"}],"version-history":[{"count":1,"href":"https:\/\/samantharadionline.com\/index.php\/wp-json\/wp\/v2\/posts\/17725\/revisions"}],"predecessor-version":[{"id":17727,"href":"https:\/\/samantharadionline.com\/index.php\/wp-json\/wp\/v2\/posts\/17725\/revisions\/17727"}],"wp:featuredmedia":[{"embeddable":true,"href":"https:\/\/samantharadionline.com\/index.php\/wp-json\/wp\/v2\/media\/17726"}],"wp:attachment":[{"href":"https:\/\/samantharadionline.com\/index.php\/wp-json\/wp\/v2\/media?parent=17725"}],"wp:term":[{"taxonomy":"category","embeddable":true,"href":"https:\/\/samantharadionline.com\/index.php\/wp-json\/wp\/v2\/categories?post=17725"},{"taxonomy":"post_tag","embeddable":true,"href":"https:\/\/samantharadionline.com\/index.php\/wp-json\/wp\/v2\/tags?post=17725"}],"curies":[{"name":"wp","href":"https:\/\/api.w.org\/{rel}","templated":true}]}}