{"id":17721,"date":"2025-07-28T21:24:08","date_gmt":"2025-07-29T01:24:08","guid":{"rendered":"https:\/\/samantharadionline.com\/?p=17721"},"modified":"2025-07-28T21:24:09","modified_gmt":"2025-07-29T01:24:09","slug":"envian-a-jean-andres-pumarol-a-la-carcel-de-anamuya","status":"publish","type":"post","link":"https:\/\/samantharadionline.com\/index.php\/2025\/07\/28\/envian-a-jean-andres-pumarol-a-la-carcel-de-anamuya\/","title":{"rendered":"Env\u00edan a Jean Andr\u00e9s Pumarol a la c\u00e1rcel de Anamuya"},"content":{"rendered":"\n<p class=\"has-medium-font-size\"><em>El reo \u00a0debe recibir tratamiento en un centro de salud mental privado, y no en la c\u00e1rcel de Anamuya<\/em><\/p>\n\n\n\n<figure class=\"wp-block-image\"><img decoding=\"async\" src=\"https:\/\/listindiario.com\/files\/image_60_60\/uploads\/2025\/01\/21\/678fb9bbee568.png\" alt=\"Avatar del Yeil\u00edn Pe\u00f1a\"\/><\/figure>\n\n\n\n<p><em>\u00a0<\/em>Yeil\u00edn Pe\u00f1a,<strong> Santo Domingo, RD<\/strong><\/p>\n\n\n\n<p>El abogado de<strong>&nbsp;Jean Andr\u00e9s Pumarol<\/strong>, Richard Mart\u00ednez, explic\u00f3 las razones por las que el juez Rigoberto Sena del Juzgado de Atenci\u00f3n Permanente del Distrito Nacional, envi\u00f3 a su cliente a cumplir&nbsp;<strong>prisi\u00f3n preventiva&nbsp;<\/strong>en la c\u00e1rcel de&nbsp;<strong>Anamuya&nbsp;<\/strong>en<strong>&nbsp;Hig\u00fcey.<\/strong><\/p>\n\n\n\n<p>De acuerdo a Mart\u00ednez, la Fiscal\u00eda solicit\u00f3 que se enviara a Jean Andr\u00e9s Pumarol a dicho recinto, alegando que cuenta con un&nbsp;<strong>pabell\u00f3n psiqui\u00e1trico<\/strong>. Ante esto, resalt\u00f3 que esa solicitud reconoce indirectamente la condici\u00f3n de&nbsp;<strong>salud mental&nbsp;<\/strong>del imputado.<\/p>\n\n\n\n<p>\u201cDe una manera u otra reconoce que existe un diagn\u00f3stico m\u00e9dico en cuanto a la salud mental del imputado\u201d, dijo.<\/p>\n\n\n\n<p>El abogado manifest\u00f3 que su cliente debe recibir tratamiento en un centro de salud mental privado, y no en la c\u00e1rcel de Anamuya.<\/p>\n\n\n\n<p>Seg\u00fan informes m\u00e9dicos, el joven de 30 a\u00f1os sufre de<strong>&nbsp;esquizofrenia<\/strong>&nbsp;de tipo paranoide desde el a\u00f1o 2017 y por esto, el abogado agreg\u00f3 que considera que la c\u00e1rcel de Anamuya \u201c<strong>no es el lugar ideal<\/strong>\u201d.<\/p>\n\n\n\n<h3 class=\"wp-block-heading\">el hecho<\/h3>\n\n\n\n<p>El expediente del Ministerio P\u00fablico indica que Jean Andr\u00e9s portaba dos armas blancas y se dirig\u00eda piso en piso tocando puertas y agrediendo a las personas que les abr\u00edan.<\/p>\n\n\n\n<p>Pumarol ultim\u00f3 Ivonne Handal Abugabil, de 70 a\u00f1os de edad e hiri\u00f3 a Teresa Fabi\u00e1n Heredia (era quien cuidaba a la fallecida); Griselda Ozuna, de 48 a\u00f1os; Victoria Heredia, de 36 a\u00f1os; Francisco Texano, vecino, 68; y Guillermo Pumarol, 62 a\u00f1os, este \u00faltimo padre del autor.<\/p>\n\n\n\n<h3 class=\"wp-block-heading\">Familiares se querellan<\/h3>\n\n\n\n<p>La tarde de este lunes, la familia de la occisa Ivonne Handal Abugabil, present\u00f3 una querella formal en la Fiscal\u00eda del Distrito Nacional contra Jean Andr\u00e9s Pumarol.<\/p>\n\n\n\n<p>La querella fue presentada por Carolyn Gissele Handal, Evelyn Ivonne Taveras Handal D\u00edaz, Halleska Mar\u00eda Handal, Nancy Licet Handal Abugabir y Antonio Jes\u00fas Handal Abugabir, representados por los abogados Miguel Valerio, Yipsy Roa D\u00edaz y Daniel Santill\u00e1n.<\/p>\n","protected":false},"excerpt":{"rendered":"<p>El reo \u00a0debe recibir tratamiento en un centro de salud mental privado, y no en<\/p>\n","protected":false},"author":1,"featured_media":17722,"comment_status":"open","ping_status":"open","sticky":false,"template":"","format":"standard","meta":{"footnotes":""},"categories":[12],"tags":[],"class_list":["post-17721","post","type-post","status-publish","format-standard","has-post-thumbnail","hentry","category-nacionales"],"_links":{"self":[{"href":"https:\/\/samantharadionline.com\/index.php\/wp-json\/wp\/v2\/posts\/17721","targetHints":{"allow":["GET"]}}],"collection":[{"href":"https:\/\/samantharadionline.com\/index.php\/wp-json\/wp\/v2\/posts"}],"about":[{"href":"https:\/\/samantharadionline.com\/index.php\/wp-json\/wp\/v2\/types\/post"}],"author":[{"embeddable":true,"href":"https:\/\/samantharadionline.com\/index.php\/wp-json\/wp\/v2\/users\/1"}],"replies":[{"embeddable":true,"href":"https:\/\/samantharadionline.com\/index.php\/wp-json\/wp\/v2\/comments?post=17721"}],"version-history":[{"count":1,"href":"https:\/\/samantharadionline.com\/index.php\/wp-json\/wp\/v2\/posts\/17721\/revisions"}],"predecessor-version":[{"id":17723,"href":"https:\/\/samantharadionline.com\/index.php\/wp-json\/wp\/v2\/posts\/17721\/revisions\/17723"}],"wp:featuredmedia":[{"embeddable":true,"href":"https:\/\/samantharadionline.com\/index.php\/wp-json\/wp\/v2\/media\/17722"}],"wp:attachment":[{"href":"https:\/\/samantharadionline.com\/index.php\/wp-json\/wp\/v2\/media?parent=17721"}],"wp:term":[{"taxonomy":"category","embeddable":true,"href":"https:\/\/samantharadionline.com\/index.php\/wp-json\/wp\/v2\/categories?post=17721"},{"taxonomy":"post_tag","embeddable":true,"href":"https:\/\/samantharadionline.com\/index.php\/wp-json\/wp\/v2\/tags?post=17721"}],"curies":[{"name":"wp","href":"https:\/\/api.w.org\/{rel}","templated":true}]}}