{"id":17718,"date":"2025-07-28T21:20:55","date_gmt":"2025-07-29T01:20:55","guid":{"rendered":"https:\/\/samantharadionline.com\/?p=17718"},"modified":"2025-07-28T21:25:38","modified_gmt":"2025-07-29T01:25:38","slug":"la-poblacion-esta-sintiendo-el-desaceleramiento-economico","status":"publish","type":"post","link":"https:\/\/samantharadionline.com\/index.php\/2025\/07\/28\/la-poblacion-esta-sintiendo-el-desaceleramiento-economico\/","title":{"rendered":"La poblaci\u00f3n est\u00e1 sintiendo el desaceleramiento econ\u00f3mico"},"content":{"rendered":"\n<p class=\"has-medium-font-size\"><em>Y el mandatario indica que el Gobierno tiene como meta establecer el crecimiento econ\u00f3mico en un 3.5% el cual seria \u201cel doble\u201d del promedio de la regi\u00f3n, a excepci\u00f3n de Guyana<\/em><\/p>\n\n\n\n<figure class=\"wp-block-image\"><img decoding=\"async\" src=\"https:\/\/listindiario.com\/files\/image_60_60\/uploads\/2023\/05\/16\/64638cfd2419c.jpeg\" alt=\"Avatar del Javier Flores\"\/><\/figure>\n\n\n\n<p><em>\u00a0<\/em>Javier Flores, <strong>Santo Domingo, RD<\/strong><\/p>\n\n\n\n<p>El presidente&nbsp;<strong>Luis Abinader<\/strong>&nbsp;confirm\u00f3 durante La Semanal que Rep\u00fablica Dominicana est\u00e1 viviendo un desaceleramiento econ\u00f3mico en el ritmo de crecimiento financiero del pa\u00eds.<\/p>\n\n\n\n<p>Abinader manifest\u00f3 que ese desaceleramiento se debe, en gran parte, a las circunstancias internacionales que se han reflejado tras las nuevas pol\u00edticas arancelarias interpuestas por la administraci\u00f3n de&nbsp;<strong>Donald Trump<\/strong>&nbsp;en Estados Unidos.<\/p>\n\n\n\n<p>\u201cQueremos decir que a pesar de que hemos disminuido el crecimiento y yo s\u00e9 que la poblaci\u00f3n lo est\u00e1 sintiendo la disminuci\u00f3n&nbsp;<strong>decrecimiento&nbsp;econ\u00f3mico&nbsp;<\/strong>porque de crecer a un cinco por ciento, pasar un 2.7% un 3% que es lo que tenemos acumulados, pues se siente; pero esto responde se\u00f1ores a las circunstancias internacionales que se ha reflejado debido a las nuevas&nbsp;<strong>pol\u00edticas del gobierno norteamericano<\/strong>&nbsp;en relaci\u00f3n con las tasas lo que ha provocado bastante incertidumbre\u201d, expres\u00f3 Abinader.<\/p>\n\n\n\n<p>El mandatario indic\u00f3 que el Gobierno tiene como meta establecer el crecimiento econ\u00f3mico en un 3.5% el cual seria \u201cel doble\u201d del promedio de la regi\u00f3n, a excepci\u00f3n de\u00a0<strong>Guyana<\/strong>.<\/p>\n\n\n\n<p>Abinader defini\u00f3 la econom\u00eda del pa\u00eds como \u201cun faro de luz internacional\u201d, al destacar un doble crecimiento en la regi\u00f3n y agreg\u00f3 que la inversi\u00f3n extranjera directa pas\u00f3 de 2,500 millones en 2012 a 4,500 millones en 2024.<\/p>\n\n\n\n<p>\u201cDe igual forma, alcanzamos la tasa de informalidad m\u00e1s baja de la historia con m\u00e1s de 5 millones ocupados y el salario m\u00ednimo de las grandes empresas pas\u00f3 de menos de RD$ 10 mil en 2012 a m\u00e1s de RD$26 mil en 2025\u201d, argument\u00f3 el gobernante.<\/p>\n","protected":false},"excerpt":{"rendered":"<p>Y el mandatario indica que el Gobierno tiene como meta establecer el crecimiento econ\u00f3mico en<\/p>\n","protected":false},"author":1,"featured_media":17724,"comment_status":"open","ping_status":"open","sticky":false,"template":"","format":"standard","meta":{"footnotes":""},"categories":[10],"tags":[],"class_list":["post-17718","post","type-post","status-publish","format-standard","has-post-thumbnail","hentry","category-economica"],"_links":{"self":[{"href":"https:\/\/samantharadionline.com\/index.php\/wp-json\/wp\/v2\/posts\/17718","targetHints":{"allow":["GET"]}}],"collection":[{"href":"https:\/\/samantharadionline.com\/index.php\/wp-json\/wp\/v2\/posts"}],"about":[{"href":"https:\/\/samantharadionline.com\/index.php\/wp-json\/wp\/v2\/types\/post"}],"author":[{"embeddable":true,"href":"https:\/\/samantharadionline.com\/index.php\/wp-json\/wp\/v2\/users\/1"}],"replies":[{"embeddable":true,"href":"https:\/\/samantharadionline.com\/index.php\/wp-json\/wp\/v2\/comments?post=17718"}],"version-history":[{"count":1,"href":"https:\/\/samantharadionline.com\/index.php\/wp-json\/wp\/v2\/posts\/17718\/revisions"}],"predecessor-version":[{"id":17719,"href":"https:\/\/samantharadionline.com\/index.php\/wp-json\/wp\/v2\/posts\/17718\/revisions\/17719"}],"wp:featuredmedia":[{"embeddable":true,"href":"https:\/\/samantharadionline.com\/index.php\/wp-json\/wp\/v2\/media\/17724"}],"wp:attachment":[{"href":"https:\/\/samantharadionline.com\/index.php\/wp-json\/wp\/v2\/media?parent=17718"}],"wp:term":[{"taxonomy":"category","embeddable":true,"href":"https:\/\/samantharadionline.com\/index.php\/wp-json\/wp\/v2\/categories?post=17718"},{"taxonomy":"post_tag","embeddable":true,"href":"https:\/\/samantharadionline.com\/index.php\/wp-json\/wp\/v2\/tags?post=17718"}],"curies":[{"name":"wp","href":"https:\/\/api.w.org\/{rel}","templated":true}]}}