{"id":17712,"date":"2025-07-28T16:48:38","date_gmt":"2025-07-28T20:48:38","guid":{"rendered":"https:\/\/samantharadionline.com\/?p=17712"},"modified":"2025-07-28T16:48:39","modified_gmt":"2025-07-28T20:48:39","slug":"visiblemente-debil-trasladan-a-angel-martinez-a-sala-de-audiencia","status":"publish","type":"post","link":"https:\/\/samantharadionline.com\/index.php\/2025\/07\/28\/visiblemente-debil-trasladan-a-angel-martinez-a-sala-de-audiencia\/","title":{"rendered":"Visiblemente d\u00e9bil trasladan a \u00c1ngel Mart\u00ednez a sala de audiencia"},"content":{"rendered":"\n<p class=\"has-medium-font-size\"><em>El m\u00e9dico general Joaqu\u00edn Sardi\u00f1as detall\u00f3 que el acusado luce d\u00e9bil, con una deshidrataci\u00f3n leve a moderada\u00bb y que \u00abse encuentra orientado en las tres esferas ps\u00edquicas<\/em><\/p>\n\n\n\n<figure class=\"wp-block-image\"><img decoding=\"async\" src=\"https:\/\/listindiario.com\/files\/image_60_60\/uploads\/2023\/05\/11\/645d0fa7541ad.png\" alt=\"Avatar del Ram\u00f3n Cruz Benz\u00e1n\"\/><\/figure>\n\n\n\n<p><em>\u00a0<\/em>Ram\u00f3n Cruz Benz\u00e1n, <strong>Santo Domingo, RD<\/strong><\/p>\n\n\n\n<p>El<strong>\u00a0comunicador \u00c1ngel Mart\u00ednez<\/strong>\u00a0fue trasladado a la Cuarta Sala Penal del Distrito Nacional para conocerle un recurso de\u00a0<strong>habeas corpus\u00a0<\/strong>con el cual busca obtener su libertad.<\/p>\n\n\n\n<p>Mart\u00ednez fue trasladado de la c\u00e1rcel preventiva del&nbsp;<strong>Palacio de Justicia Ciudad Nueva&nbsp;<\/strong>bajo estricta medida seguridad, caminando casi arrastrado hacia el tribunal y visiblemente d\u00e9bil. Su abogado Carlos Mesa alega que est\u00e1 preso de manera&nbsp;<strong>irregular<\/strong>.<\/p>\n\n\n\n<p>Mart\u00ednez se encuentra bajo\u00a0<strong>prisi\u00f3n\u00a0<\/strong>por decisi\u00f3n del juez del Primer Juzgado de la Instrucci\u00f3n del Distrito Nacional, Raymundo Mej\u00eda, debido a la agresi\u00f3n verbal por parte del imputado en el tribunal.<\/p>\n\n\n\n<h3 class=\"wp-block-heading\">Informe m\u00e9dico<\/h3>\n\n\n\n<figure class=\"wp-block-image\" id=\"m29441-29440-29442\"><img decoding=\"async\" src=\"https:\/\/listindiario.com\/files\/vertical_main_image\/uploads\/2025\/06\/11\/684a25813cdc3.jpeg\" alt=\"\u00c1ngel Mart\u00ednez tiene en los tribunales varias querellas por difamaci\u00f3n e injuria.\"\/><figcaption class=\"wp-element-caption\">\u00c1ngel Mart\u00ednez tiene en los tribunales varias querellas por difamaci\u00f3n e injuria.<\/figcaption><\/figure>\n\n\n\n<p>El&nbsp;<strong>m\u00e9dico general Joaqu\u00edn Sardi\u00f1as<\/strong>&nbsp;detall\u00f3 que el&nbsp;<strong>acusado&nbsp;<\/strong>\u201cluce d\u00e9bil, con una deshidrataci\u00f3n leve a moderada\u00bb y que \u00abse encuentra orientado en las tres esferas ps\u00edquicas\u201d.<\/p>\n\n\n\n<p>Ante esto, el equipo m\u00e9dico de la Direcci\u00f3n General de Servicios Penitenciarios y Correccionales explic\u00f3 que, al igual que otros tantos privados de libertad del sistema, \u00c1ngel Mart\u00ednez recibe la medicaci\u00f3n indicada para la&nbsp;<strong>hipertensi\u00f3n arterial&nbsp;<\/strong>y la&nbsp;<strong>diabetes<\/strong>.<\/p>\n\n\n\n<h3 class=\"wp-block-heading\">Se declara en huelga de hambre<\/h3>\n\n\n\n<p>Los abogados Carlos Mesa y Percival Pe\u00f1a expresaron su preocupaci\u00f3n por el<strong>&nbsp;estado de salud<\/strong>&nbsp;de su cliente, \u00c1ngel Mart\u00ednez, quien, seg\u00fan sus declaraciones, inici\u00f3 una<strong>&nbsp;huelga de hambre&nbsp;<\/strong>y se encuentra en una<strong>&nbsp;situaci\u00f3n cr\u00edtica<\/strong>.<\/p>\n\n\n\n<p>Los abogados relataron que durante la audiencia del jueves, el imputado se present\u00f3 en el tribunal en un estado visiblemente deteriorado.<\/p>\n\n\n\n<p>Mesa describi\u00f3 el rostro de Mart\u00ednez como el de \u00abla muerte\u00bb, p\u00e1lido, con manos temblorosas y una incoherencia en sus ideas.<\/p>\n\n\n\n<p>Para esa fecha, destac\u00f3 que Mart\u00ednez llevaba 72 horas sin ingerir&nbsp;<strong>agua&nbsp;<\/strong>ni&nbsp;<strong>medicamentos<\/strong>, y que ha manifestado su deseo de&nbsp;<strong>morir en paz.<\/strong><\/p>\n","protected":false},"excerpt":{"rendered":"<p>El m\u00e9dico general Joaqu\u00edn Sardi\u00f1as detall\u00f3 que el acusado luce d\u00e9bil, con una deshidrataci\u00f3n leve<\/p>\n","protected":false},"author":1,"featured_media":17713,"comment_status":"open","ping_status":"open","sticky":false,"template":"","format":"standard","meta":{"footnotes":""},"categories":[11,12],"tags":[],"class_list":["post-17712","post","type-post","status-publish","format-standard","has-post-thumbnail","hentry","category-entretenimiento","category-nacionales"],"_links":{"self":[{"href":"https:\/\/samantharadionline.com\/index.php\/wp-json\/wp\/v2\/posts\/17712","targetHints":{"allow":["GET"]}}],"collection":[{"href":"https:\/\/samantharadionline.com\/index.php\/wp-json\/wp\/v2\/posts"}],"about":[{"href":"https:\/\/samantharadionline.com\/index.php\/wp-json\/wp\/v2\/types\/post"}],"author":[{"embeddable":true,"href":"https:\/\/samantharadionline.com\/index.php\/wp-json\/wp\/v2\/users\/1"}],"replies":[{"embeddable":true,"href":"https:\/\/samantharadionline.com\/index.php\/wp-json\/wp\/v2\/comments?post=17712"}],"version-history":[{"count":1,"href":"https:\/\/samantharadionline.com\/index.php\/wp-json\/wp\/v2\/posts\/17712\/revisions"}],"predecessor-version":[{"id":17714,"href":"https:\/\/samantharadionline.com\/index.php\/wp-json\/wp\/v2\/posts\/17712\/revisions\/17714"}],"wp:featuredmedia":[{"embeddable":true,"href":"https:\/\/samantharadionline.com\/index.php\/wp-json\/wp\/v2\/media\/17713"}],"wp:attachment":[{"href":"https:\/\/samantharadionline.com\/index.php\/wp-json\/wp\/v2\/media?parent=17712"}],"wp:term":[{"taxonomy":"category","embeddable":true,"href":"https:\/\/samantharadionline.com\/index.php\/wp-json\/wp\/v2\/categories?post=17712"},{"taxonomy":"post_tag","embeddable":true,"href":"https:\/\/samantharadionline.com\/index.php\/wp-json\/wp\/v2\/tags?post=17712"}],"curies":[{"name":"wp","href":"https:\/\/api.w.org\/{rel}","templated":true}]}}