{"id":17699,"date":"2025-07-28T16:33:25","date_gmt":"2025-07-28T20:33:25","guid":{"rendered":"https:\/\/samantharadionline.com\/?p=17699"},"modified":"2025-07-28T16:33:26","modified_gmt":"2025-07-28T20:33:26","slug":"medida-de-coercion-a-jean-andres-pumarol-fernandez-por-violento-ataque-en-naco","status":"publish","type":"post","link":"https:\/\/samantharadionline.com\/index.php\/2025\/07\/28\/medida-de-coercion-a-jean-andres-pumarol-fernandez-por-violento-ataque-en-naco\/","title":{"rendered":"Medida de coerci\u00f3n a Jean Andr\u00e9s Pumarol Fern\u00e1ndez por violento ataque en Naco"},"content":{"rendered":"\n<p class=\"has-medium-font-size\"><em>El ataque dej\u00f3 una persona fallecida, identificada como Ivonne Handal Abugabir, de 70 a\u00f1os<\/em><\/p>\n\n\n\n<figure class=\"wp-block-image\"><img decoding=\"async\" src=\"https:\/\/listindiario.com\/files\/image_60_60\/uploads\/2023\/05\/11\/645d0fa7541ad.png\" alt=\"Avatar del Ram\u00f3n Cruz Benz\u00e1n\"\/><\/figure>\n\n\n\n<p><em>\u00a0<\/em>Ram\u00f3n Cruz Benz\u00e1n, Santo Domingo, R.D.<\/p>\n\n\n\n<p>El juez Rigoberto Sena, del Juzgado de Atenci\u00f3n Permanente del Distrito Nacional, conoce la audiencia de la medida de coerci\u00f3n contra\u00a0<strong>Jean Andr\u00e9s Pumarol Fern\u00e1ndez<\/strong>, implicado en un ataque con arma blanca que result\u00f3 en la\u00a0<strong>muerte de una mujer\u00a0<\/strong>y dej\u00f3 a cinco personas heridas en el\u00a0<strong>Ensanche Naco.<\/strong><\/p>\n\n\n\n<p>Este domingo la jueza F\u00e1tima Veloz aplaz\u00f3 la audiencia para este lunes a los fines de darle oportunidad a que una de las v\u00edctimas tomara conocimiento del&nbsp;<strong>expediente<\/strong>.<\/p>\n\n\n\n<p>La audiencia se hab\u00eda aplazado el pasado viernes por disposici\u00f3n del juez Sena, al acoger un pedimento presentado por el&nbsp;<strong>Ministerio P\u00fablico<\/strong>&nbsp;y por el abogado Richart Mart\u00ednez, quien asume la defensa del imputado, quienes hab\u00edan solicitado el aplazamiento de la audiencia debido a que el imputado no hab\u00eda sido trasladado al tribunal, ya que se encontraba en una evaluaci\u00f3n psiqui\u00e1trica.<\/p>\n\n\n\n<h3 class=\"wp-block-heading\">Solicitud de prisi\u00f3n preventiva y evaluaci\u00f3n psiqui\u00e1trica<\/h3>\n\n\n\n<figure class=\"wp-block-image\" id=\"m5816-5815-5817\"><img decoding=\"async\" src=\"https:\/\/listindiario.com\/files\/vertical_main_image\/uploads\/2025\/07\/27\/68868e5100a9b.jpeg\" alt=\"Jean Andr\u00e9s Pumarol\"\/><figcaption class=\"wp-element-caption\">Jean Andr\u00e9s PumarolJorge Mart\u00ednez<\/figcaption><\/figure>\n\n\n\n<p>El<strong>&nbsp;Ministerio P\u00fablico<\/strong>&nbsp;solicita que se le imponga&nbsp;<strong>prisi\u00f3n preventiva&nbsp;<\/strong>como&nbsp;<strong>medida de coerci\u00f3n&nbsp;<\/strong>contra el imputado.<\/p>\n\n\n\n<p>El&nbsp;<strong>ataque&nbsp;<\/strong>dej\u00f3 una<strong>&nbsp;persona fallecida<\/strong>, identificada como&nbsp;<strong>Ivonne Handal Abugabir<\/strong>, de 70 a\u00f1os.&nbsp;<\/p>\n\n\n\n<p>Entre los lesionados se encuentran&nbsp;<strong>Guillermo Pumarol Castellanos<\/strong>&nbsp;(padre del agresor), Teresa Fabi\u00e1n Heredia (cuidadora de la se\u00f1ora Ivonne) y los vecinos Francisco Tezano, Griselda Ozuna y Victoria Heredia.<\/p>\n","protected":false},"excerpt":{"rendered":"<p>El ataque dej\u00f3 una persona fallecida, identificada como Ivonne Handal Abugabir, de 70 a\u00f1os \u00a0Ram\u00f3n<\/p>\n","protected":false},"author":1,"featured_media":17700,"comment_status":"open","ping_status":"open","sticky":false,"template":"","format":"standard","meta":{"footnotes":""},"categories":[12],"tags":[],"class_list":["post-17699","post","type-post","status-publish","format-standard","has-post-thumbnail","hentry","category-nacionales"],"_links":{"self":[{"href":"https:\/\/samantharadionline.com\/index.php\/wp-json\/wp\/v2\/posts\/17699","targetHints":{"allow":["GET"]}}],"collection":[{"href":"https:\/\/samantharadionline.com\/index.php\/wp-json\/wp\/v2\/posts"}],"about":[{"href":"https:\/\/samantharadionline.com\/index.php\/wp-json\/wp\/v2\/types\/post"}],"author":[{"embeddable":true,"href":"https:\/\/samantharadionline.com\/index.php\/wp-json\/wp\/v2\/users\/1"}],"replies":[{"embeddable":true,"href":"https:\/\/samantharadionline.com\/index.php\/wp-json\/wp\/v2\/comments?post=17699"}],"version-history":[{"count":1,"href":"https:\/\/samantharadionline.com\/index.php\/wp-json\/wp\/v2\/posts\/17699\/revisions"}],"predecessor-version":[{"id":17701,"href":"https:\/\/samantharadionline.com\/index.php\/wp-json\/wp\/v2\/posts\/17699\/revisions\/17701"}],"wp:featuredmedia":[{"embeddable":true,"href":"https:\/\/samantharadionline.com\/index.php\/wp-json\/wp\/v2\/media\/17700"}],"wp:attachment":[{"href":"https:\/\/samantharadionline.com\/index.php\/wp-json\/wp\/v2\/media?parent=17699"}],"wp:term":[{"taxonomy":"category","embeddable":true,"href":"https:\/\/samantharadionline.com\/index.php\/wp-json\/wp\/v2\/categories?post=17699"},{"taxonomy":"post_tag","embeddable":true,"href":"https:\/\/samantharadionline.com\/index.php\/wp-json\/wp\/v2\/tags?post=17699"}],"curies":[{"name":"wp","href":"https:\/\/api.w.org\/{rel}","templated":true}]}}