{"id":17693,"date":"2025-07-27T10:49:40","date_gmt":"2025-07-27T14:49:40","guid":{"rendered":"https:\/\/samantharadionline.com\/?p=17693"},"modified":"2025-07-27T10:49:41","modified_gmt":"2025-07-27T14:49:41","slug":"prision-preventiva-para-aliada-de-evo-morales-por-declaraciones-polemicas","status":"publish","type":"post","link":"https:\/\/samantharadionline.com\/index.php\/2025\/07\/27\/prision-preventiva-para-aliada-de-evo-morales-por-declaraciones-polemicas\/","title":{"rendered":"Prisi\u00f3n preventiva para aliada de Evo Morales por declaraciones pol\u00e9micas"},"content":{"rendered":"\n<p class=\"has-medium-font-size\"><em>El Juzgado P\u00fablico\u00a0determin\u00f3 que Nina cumpla la detenci\u00f3n preventiva en la c\u00e1rcel San Sebasti\u00e1n Mujeres, en la regi\u00f3n central de Cochabamba<\/em><\/p>\n\n\n\n<figure class=\"wp-block-image\"><img decoding=\"async\" src=\"https:\/\/listindiario.com\/files\/image_60_60\/uploads\/2023\/05\/23\/646cd02f4f53e.jpeg\" alt=\"Avatar del Agencia EFE\"\/><\/figure>\n\n\n\n<p><em>\u00a0<\/em>Agencia EFE, L<strong>a Paz<\/strong><\/p>\n\n\n\n<p>Un&nbsp;<strong>juzgado de Bolivia&nbsp;<\/strong>dispuso este s\u00e1bado la detenci\u00f3n preventiva por tres meses de la dirigente pol\u00edtica&nbsp;<strong>Ruth Nina<\/strong>, aliada del expresidente&nbsp;<strong>Evo Morales<\/strong>, dentro de una investigaci\u00f3n en su contra por amenazar con que en las elecciones generales de agosto se contar\u00e1n \u00abmuertos\u00bb y no votos si el exgobernante no es candidato.<\/p>\n\n\n\n<p>El Juzgado P\u00fablico Mixto Civil y Comercial de Familia, Ni\u00f1ez y Adolescencia en Instrucci\u00f3n Penal n\u00famero 1 de la localidad de Shinahota determin\u00f3 que Nina cumpla la detenci\u00f3n preventiva en la c\u00e1rcel San Sebasti\u00e1n Mujeres, en la regi\u00f3n central de Cochabamba.<\/p>\n\n\n\n<p>La audiencia cautelar se realiz\u00f3 de forma telem\u00e1tica, pues la dirigente se encontraba en la sede de la Fuerza Especial de Lucha contra el Crimen (Felcc) en la ciudad de Cochabamba, la capital de la regi\u00f3n hom\u00f3nima, y el juzgado est\u00e1 en Shinahota, un municipio del Tr\u00f3pico de Cochabamba, una zona cocalera situada en el mismo departamento.<\/p>\n\n\n\n<p>Nina qued\u00f3 aprehendida desde el jueves, tras presentarse a declarar en la Fiscal\u00eda Departamental de Cochabamba dentro de una investigaci\u00f3n por los presuntos delitos de instigaci\u00f3n p\u00fablica a delinquir, amenazas y obstaculizaci\u00f3n de procesos electorales.<\/p>\n\n\n\n<p>La dirigente, que representa al Partido de Acci\u00f3n Nacional Boliviano (Pan-Bol), es investigada por decir hace dos semanas, durante una reuni\u00f3n de afines a Morales, que \u00abel 17 de agosto no puede haber una elecci\u00f3n sin la participaci\u00f3n de la clase popular\u00bb, ni sin \u00abun candidato que el pueblo boliviano ha elegido, como es el hermano Evo Morales\u00bb.<\/p>\n\n\n\n<p>\u00abEse d\u00eda, el Tribunal Supremo Electoral (TSE) y el Gobierno, en vez de contar votos, va a contar muertos, eso va a pasar si atentan contra nuestras comunidades ind\u00edgenas, si nos obligan a querer votar por aquellos (los candidatos de otros partidos)\u00bb, sostuvo Nina, cuyo partido tiene un acuerdo electoral con Morales (2006-2019).<\/p>\n\n\n\n<p>Morales ten\u00eda la intenci\u00f3n de inscribir su candidatura presidencial con la sigla de Pan-Bol, pero ese partido no est\u00e1 habilitado para las elecciones del 17 de agosto porque perdi\u00f3 su personalidad jur\u00eddica a principios de mayo, debido a que en los comicios de 2020 no alcanz\u00f3 el 3 % de los votos exigidos por la legislaci\u00f3n boliviana.<\/p>\n\n\n\n<p>Adem\u00e1s, el expresidente, que gobern\u00f3 Bolivia en tres ocasiones, no tiene partido y no puede ser candidato por una disposici\u00f3n constitucional que se\u00f1ala que la reelecci\u00f3n en el pa\u00eds es \u00abpor una \u00fanica vez\u00bb y sin posibilidad de un tercer mandato.<\/p>\n\n\n\n<p>Antes de ingresar a su audiencia cautelar, N ina asegur\u00f3 que \u00abla libertad de expresi\u00f3n hoy est\u00e1 siendo encarcelada para todos los dirigentes\u00bb, mientras que sus declaraciones sobre las elecciones fueron criticadas por el Gobierno de Luis Arce, los sectores sociales afines al Ejecutivo y la oposici\u00f3n.<\/p>\n\n\n\n<p>El Gobierno de Arce, que est\u00e1 distanciado de Morales, pidi\u00f3 la semana pasada a los \u00f3rganos Electoral y Judicial que se siente un \u00abprecedente\u00bb mediante una denuncia penal conjunta contra Nina al considerar que sus declaraciones fueron una instigaci\u00f3n p\u00fablica a delinquir, entre otros delitos.<\/p>\n\n\n\n<p>Los sectores afines a Evo Morales han advertido varias veces con que impedir\u00e1n la realizaci\u00f3n de los comicios si no se permite postular al tambi\u00e9n exl\u00edder del oficialismo y, entre otras medidas, bloquearon carreteras en algunas regiones en junio para exigir la inscripci\u00f3n de su candidatura.<\/p>\n\n\n\n<p>Nueve organizaciones pol\u00edticas participan en las elecciones generales del 17 de agosto, en las que los bolivianos elegir\u00e1n a su presidente, vicepresidente y renovar\u00e1n al Parlamento nacional para el pr\u00f3ximo quinquenio.<\/p>\n","protected":false},"excerpt":{"rendered":"<p>El Juzgado P\u00fablico\u00a0determin\u00f3 que Nina cumpla la detenci\u00f3n preventiva en la c\u00e1rcel San Sebasti\u00e1n Mujeres,<\/p>\n","protected":false},"author":1,"featured_media":17694,"comment_status":"open","ping_status":"open","sticky":false,"template":"","format":"standard","meta":{"footnotes":""},"categories":[4],"tags":[],"class_list":["post-17693","post","type-post","status-publish","format-standard","has-post-thumbnail","hentry","category-mundiales"],"_links":{"self":[{"href":"https:\/\/samantharadionline.com\/index.php\/wp-json\/wp\/v2\/posts\/17693","targetHints":{"allow":["GET"]}}],"collection":[{"href":"https:\/\/samantharadionline.com\/index.php\/wp-json\/wp\/v2\/posts"}],"about":[{"href":"https:\/\/samantharadionline.com\/index.php\/wp-json\/wp\/v2\/types\/post"}],"author":[{"embeddable":true,"href":"https:\/\/samantharadionline.com\/index.php\/wp-json\/wp\/v2\/users\/1"}],"replies":[{"embeddable":true,"href":"https:\/\/samantharadionline.com\/index.php\/wp-json\/wp\/v2\/comments?post=17693"}],"version-history":[{"count":1,"href":"https:\/\/samantharadionline.com\/index.php\/wp-json\/wp\/v2\/posts\/17693\/revisions"}],"predecessor-version":[{"id":17695,"href":"https:\/\/samantharadionline.com\/index.php\/wp-json\/wp\/v2\/posts\/17693\/revisions\/17695"}],"wp:featuredmedia":[{"embeddable":true,"href":"https:\/\/samantharadionline.com\/index.php\/wp-json\/wp\/v2\/media\/17694"}],"wp:attachment":[{"href":"https:\/\/samantharadionline.com\/index.php\/wp-json\/wp\/v2\/media?parent=17693"}],"wp:term":[{"taxonomy":"category","embeddable":true,"href":"https:\/\/samantharadionline.com\/index.php\/wp-json\/wp\/v2\/categories?post=17693"},{"taxonomy":"post_tag","embeddable":true,"href":"https:\/\/samantharadionline.com\/index.php\/wp-json\/wp\/v2\/tags?post=17693"}],"curies":[{"name":"wp","href":"https:\/\/api.w.org\/{rel}","templated":true}]}}