{"id":17681,"date":"2025-07-27T10:35:27","date_gmt":"2025-07-27T14:35:27","guid":{"rendered":"https:\/\/samantharadionline.com\/?p=17681"},"modified":"2025-07-27T10:35:28","modified_gmt":"2025-07-27T14:35:28","slug":"temperaturas-calurosas-para-este-domingo","status":"publish","type":"post","link":"https:\/\/samantharadionline.com\/index.php\/2025\/07\/27\/temperaturas-calurosas-para-este-domingo\/","title":{"rendered":"Temperaturas calurosas para este domingo"},"content":{"rendered":"\n<p class=\"has-medium-font-size\"><em>Se pronostica un incremento significativo en las precipitaciones, debido de la aproximaci\u00f3n de una onda tropical y la incidencia de una vaguada<\/em><\/p>\n\n\n\n<p>L.D.,<strong> Santo Domingo, RD.<\/strong><\/p>\n\n\n\n<p>El Instituto Dominicano de Meteorolog\u00eda (Indomet) inform\u00f3 que para este domingo durante las horas matutinas se observar\u00e1 un cielo de nubes dispersas a parcialmente nublado y aspecto gris\u00e1ceo debido al polvo del&nbsp;<strong>Sahara<\/strong>, que contribuir\u00e1 con las temperaturas calurosas y chubascos dispersos en sectores de&nbsp;<strong>La Altagracia, El Seibo, Hato Mayor, Saman\u00e1&nbsp;<\/strong>y<strong>&nbsp;Mar\u00eda Trinidad S\u00e1nchez.<\/strong><\/p>\n\n\n\n<p>Mientras que, en la tarde se pronostica un incremento significativo en las precipitaciones, debido de la aproximaci\u00f3n de una onda tropical y la incidencia de una vaguada.<\/p>\n\n\n\n<p>Esto disminuir\u00e1 los niveles de part\u00edculas de polvo, provocando un ambiente favorable para aguaceros con tormentas el\u00e9ctricas y r\u00e1fagas de viento que se extender\u00e1n sobre varias provincias.<\/p>\n\n\n\n<p>Las precipitaciones de mayor intensidad y frecuencia se esperan sobre San Pedro de Macor\u00eds, Hato Mayor, Monte Plata, Santo Domingo, San Crist\u00f3bal, S\u00e1nchez Ram\u00edrez, Monse\u00f1or Nouel y San Juan.<\/p>\n\n\n\n<p>El&nbsp;<strong>Centro de Operaciones de Emergencias (COE)<\/strong>&nbsp;emiti\u00f3 el s\u00e1bado, una alerta verde para tres demarcaciones del pa\u00eds: la provincia&nbsp;<strong>Santo Domingo, el Distrito Nacional y San Pedro de Macor\u00eds,<\/strong>&nbsp;ante el pron\u00f3stico de fuertes aguaceros y posibles inundaciones producto de la llegada de una vaguada.<\/p>\n","protected":false},"excerpt":{"rendered":"<p>Se pronostica un incremento significativo en las precipitaciones, debido de la aproximaci\u00f3n de una onda<\/p>\n","protected":false},"author":1,"featured_media":17682,"comment_status":"open","ping_status":"open","sticky":false,"template":"","format":"standard","meta":{"footnotes":""},"categories":[12],"tags":[],"class_list":["post-17681","post","type-post","status-publish","format-standard","has-post-thumbnail","hentry","category-nacionales"],"_links":{"self":[{"href":"https:\/\/samantharadionline.com\/index.php\/wp-json\/wp\/v2\/posts\/17681","targetHints":{"allow":["GET"]}}],"collection":[{"href":"https:\/\/samantharadionline.com\/index.php\/wp-json\/wp\/v2\/posts"}],"about":[{"href":"https:\/\/samantharadionline.com\/index.php\/wp-json\/wp\/v2\/types\/post"}],"author":[{"embeddable":true,"href":"https:\/\/samantharadionline.com\/index.php\/wp-json\/wp\/v2\/users\/1"}],"replies":[{"embeddable":true,"href":"https:\/\/samantharadionline.com\/index.php\/wp-json\/wp\/v2\/comments?post=17681"}],"version-history":[{"count":1,"href":"https:\/\/samantharadionline.com\/index.php\/wp-json\/wp\/v2\/posts\/17681\/revisions"}],"predecessor-version":[{"id":17683,"href":"https:\/\/samantharadionline.com\/index.php\/wp-json\/wp\/v2\/posts\/17681\/revisions\/17683"}],"wp:featuredmedia":[{"embeddable":true,"href":"https:\/\/samantharadionline.com\/index.php\/wp-json\/wp\/v2\/media\/17682"}],"wp:attachment":[{"href":"https:\/\/samantharadionline.com\/index.php\/wp-json\/wp\/v2\/media?parent=17681"}],"wp:term":[{"taxonomy":"category","embeddable":true,"href":"https:\/\/samantharadionline.com\/index.php\/wp-json\/wp\/v2\/categories?post=17681"},{"taxonomy":"post_tag","embeddable":true,"href":"https:\/\/samantharadionline.com\/index.php\/wp-json\/wp\/v2\/tags?post=17681"}],"curies":[{"name":"wp","href":"https:\/\/api.w.org\/{rel}","templated":true}]}}