{"id":17678,"date":"2025-07-27T10:32:51","date_gmt":"2025-07-27T14:32:51","guid":{"rendered":"https:\/\/samantharadionline.com\/?p=17678"},"modified":"2025-07-27T10:32:52","modified_gmt":"2025-07-27T14:32:52","slug":"nuevo-aplazamiento-de-conocimiento-a-medida-de-coercion-de-jean-andres-pumarol","status":"publish","type":"post","link":"https:\/\/samantharadionline.com\/index.php\/2025\/07\/27\/nuevo-aplazamiento-de-conocimiento-a-medida-de-coercion-de-jean-andres-pumarol\/","title":{"rendered":"Nuevo aplazamiento de conocimiento a medida de coerci\u00f3n de Jean Andr\u00e9s Pumarol"},"content":{"rendered":"\n<p class=\"has-medium-font-size\"><em>La audiencia continuar\u00e1 este lunes a la 9:00 a. m.<\/em><\/p>\n\n\n\n<figure class=\"wp-block-image\"><img decoding=\"async\" src=\"https:\/\/listindiario.com\/files\/image_60_60\/uploads\/2023\/05\/11\/645d0fa7541ad.png\" alt=\"Avatar del Ram\u00f3n Cruz Benz\u00e1n\"\/><\/figure>\n\n\n\n<p><em>\u00a0<\/em>Ram\u00f3n Cruz Benz\u00e1n, <strong>Santo Domingo, RD<\/strong><\/p>\n\n\n\n<p>La jueza Fatima Veloz del Juzgado de Atenci\u00f3n Permanente del Distrito Nacional&nbsp;aplaz\u00f3 la audiencia de la&nbsp;medida de coerci\u00f3n&nbsp;contra&nbsp;Jean Andr\u00e9s Pumarol Fern\u00e1ndez, implicado en un ataque con arma blanca que result\u00f3 en la muerte de una mujer y dej\u00f3 a cinco personas heridas en el&nbsp;Ensanche Naco.<\/p>\n\n\n\n<p>La decisi\u00f3n fue tomada a fin de que uno de las v\u00edctimas tenga conocimiento del expendiente.<\/p>\n\n\n\n<p>La audiencia continuar\u00e1 este lunes a la 9:00 a. m.<\/p>\n\n\n\n<p>El pasado viernes el juez&nbsp;Rigoberto Sena&nbsp;aplaz\u00f3 la audiencia para este domingo al acoger un pedimento presentado por el&nbsp;Ministerio P\u00fablico&nbsp;y por el abogado&nbsp;Richart Mart\u00ednez, quien asume la defensa del imputado, quienes hab\u00edan solicitado el aplazamiento de la audiencia debido a que el imputado no hab\u00eda sido trasladado al tribunal, ya que se encontraba en una evaluaci\u00f3n psiqui\u00e1trica.<\/p>\n\n\n\n<h3 class=\"wp-block-heading\">Solicitud de Prisi\u00f3n Preventiva y Evaluaci\u00f3n Psiqui\u00e1trica<\/h3>\n\n\n\n<p>De su lado, el Ministerio P\u00fablico solicit\u00f3 que se le imponga&nbsp;prisi\u00f3n preventiva&nbsp;como medida de coerci\u00f3n contra el imputado.<\/p>\n\n\n\n<p>La evaluaci\u00f3n psiqui\u00e1trica se realiza luego de que la Fiscal\u00eda la autorizara, destacando que, independientemente del diagn\u00f3stico, el&nbsp;C\u00f3digo Procesal Penal&nbsp;establece un proceso para el imputado, facultando a la Fiscal\u00eda a procesarlo.<\/p>\n\n\n\n<h3 class=\"wp-block-heading\">V\u00edctimas del Ataque<\/h3>\n\n\n\n<p>El ataque dej\u00f3 una persona fallecida, identificada como&nbsp;Ivonne Handal Abugabir, de 70 a\u00f1os, quien era paciente del ministro de Salud P\u00fablica.<\/p>\n\n\n\n<p>El ministro&nbsp;V\u00edctor Atallah&nbsp;expres\u00f3 su pesar durante el velatorio de Handal Abugabir, que se llev\u00f3 a cabo en el Jard\u00edn Memorial.<\/p>\n\n\n\n<p>De las cinco personas heridas, dos se encuentran en estado delicado, pero estables, mientras que las otras tres est\u00e1n estables en un centro m\u00e9dico.&nbsp;<\/p>\n\n\n\n<p>Entre los lesionados se encuentran&nbsp;Guillermo Pumarol Castellanos&nbsp;(padre del agresor),&nbsp;Teresa Fabi\u00e1n Heredia&nbsp;(cuidadora de la se\u00f1ora Ivonne), y los vecinos&nbsp;Francisco Tezano, Griselda Ozuna y Victoria Heredia.<\/p>\n","protected":false},"excerpt":{"rendered":"<p>La audiencia continuar\u00e1 este lunes a la 9:00 a. m. \u00a0Ram\u00f3n Cruz Benz\u00e1n, Santo Domingo,<\/p>\n","protected":false},"author":1,"featured_media":17679,"comment_status":"open","ping_status":"open","sticky":false,"template":"","format":"standard","meta":{"footnotes":""},"categories":[12],"tags":[],"class_list":["post-17678","post","type-post","status-publish","format-standard","has-post-thumbnail","hentry","category-nacionales"],"_links":{"self":[{"href":"https:\/\/samantharadionline.com\/index.php\/wp-json\/wp\/v2\/posts\/17678","targetHints":{"allow":["GET"]}}],"collection":[{"href":"https:\/\/samantharadionline.com\/index.php\/wp-json\/wp\/v2\/posts"}],"about":[{"href":"https:\/\/samantharadionline.com\/index.php\/wp-json\/wp\/v2\/types\/post"}],"author":[{"embeddable":true,"href":"https:\/\/samantharadionline.com\/index.php\/wp-json\/wp\/v2\/users\/1"}],"replies":[{"embeddable":true,"href":"https:\/\/samantharadionline.com\/index.php\/wp-json\/wp\/v2\/comments?post=17678"}],"version-history":[{"count":1,"href":"https:\/\/samantharadionline.com\/index.php\/wp-json\/wp\/v2\/posts\/17678\/revisions"}],"predecessor-version":[{"id":17680,"href":"https:\/\/samantharadionline.com\/index.php\/wp-json\/wp\/v2\/posts\/17678\/revisions\/17680"}],"wp:featuredmedia":[{"embeddable":true,"href":"https:\/\/samantharadionline.com\/index.php\/wp-json\/wp\/v2\/media\/17679"}],"wp:attachment":[{"href":"https:\/\/samantharadionline.com\/index.php\/wp-json\/wp\/v2\/media?parent=17678"}],"wp:term":[{"taxonomy":"category","embeddable":true,"href":"https:\/\/samantharadionline.com\/index.php\/wp-json\/wp\/v2\/categories?post=17678"},{"taxonomy":"post_tag","embeddable":true,"href":"https:\/\/samantharadionline.com\/index.php\/wp-json\/wp\/v2\/tags?post=17678"}],"curies":[{"name":"wp","href":"https:\/\/api.w.org\/{rel}","templated":true}]}}