{"id":17675,"date":"2025-07-25T20:50:13","date_gmt":"2025-07-26T00:50:13","guid":{"rendered":"https:\/\/samantharadionline.com\/?p=17675"},"modified":"2025-07-25T20:50:13","modified_gmt":"2025-07-26T00:50:13","slug":"retiran-del-mercado-dominicano-la-pasta-dental-colgate-clean-mint-hecha-en-brasil","status":"publish","type":"post","link":"https:\/\/samantharadionline.com\/index.php\/2025\/07\/25\/retiran-del-mercado-dominicano-la-pasta-dental-colgate-clean-mint-hecha-en-brasil\/","title":{"rendered":"Retiran del mercado dominicano la pasta dental Colgate Clean Mint hecha en Brasil"},"content":{"rendered":"\n<p class=\"has-medium-font-size\"><em>La primera prohibici\u00f3n del producto en Brasil fue hecha en marzo pasado, cuando usuarios reportaron lesiones bucales, ardor, inflamaci\u00f3n de las enc\u00edas y edema labial<\/em><\/p>\n\n\n\n<figure class=\"wp-block-image\"><img decoding=\"async\" src=\"https:\/\/listindiario.com\/files\/image_60_60\/uploads\/2025\/01\/21\/678fb9bbee568.png\" alt=\"Avatar del Yeil\u00edn Pe\u00f1a\"\/><\/figure>\n\n\n\n<p><em>\u00a0<\/em>Yeil\u00edn Pe\u00f1a, <strong>Santo Domingo, RD.<\/strong><\/p>\n\n\n\n<p>La\u00a0<strong>Direcci\u00f3n General de Medicamentos, Alimentos y Productos Sanitarios<\/strong>\u00a0(Digemaps) anunci\u00f3 el retiro inmediato del producto\u00a0<strong>Colgate Total Prevenci\u00f3n Activa Clean Mint<\/strong>, fabricado en Brasil, tras detectarse reacciones adversas asociadas a su uso.<\/p>\n\n\n\n<p>El producto, registrado bajo el n\u00famero PC2024-1539, ha sido suspendido de la comercializaci\u00f3n en el pa\u00eds como medida preventiva.&nbsp;<\/p>\n\n\n\n<p>En coordinaci\u00f3n con&nbsp;<strong>Pro Consumidor<\/strong>, se han iniciado operativos conjuntos para retirar del mercado el lote afectado, el cual gener\u00f3 una alerta sanitaria en Brasil.<\/p>\n\n\n\n<p>Digemaps exhorta a la poblaci\u00f3n a suspender de inmediato el uso de esta pasta dental y reportar cualquier efecto adverso a trav\u00e9s del canal:&nbsp;<strong>farmacovigilancia@digemaps.gob.do.<\/strong><\/p>\n\n\n\n<p>La primera prohibici\u00f3n del producto en Brasil fue hecha en marzo pasado, cuando se alert\u00f3 sobre efectos adversos del producto por parte de usuarios, que reportaron&nbsp;<strong>lesiones bucales, sensaciones dolorosas como ardor, inflamaci\u00f3n de las enc\u00edas y edema labial.<\/strong><\/p>\n\n\n\n<p>La entidad reiter\u00f3 su promesa de proteger la salud p\u00fablica y la vigilancia estricta del cumplimiento de las normativas sanitarias en productos de consumo masivo.<\/p>\n\n\n\n<p><\/p>\n","protected":false},"excerpt":{"rendered":"<p>La primera prohibici\u00f3n del producto en Brasil fue hecha en marzo pasado, cuando usuarios reportaron<\/p>\n","protected":false},"author":1,"featured_media":17676,"comment_status":"open","ping_status":"open","sticky":false,"template":"","format":"standard","meta":{"footnotes":""},"categories":[15],"tags":[],"class_list":["post-17675","post","type-post","status-publish","format-standard","has-post-thumbnail","hentry","category-salud"],"_links":{"self":[{"href":"https:\/\/samantharadionline.com\/index.php\/wp-json\/wp\/v2\/posts\/17675","targetHints":{"allow":["GET"]}}],"collection":[{"href":"https:\/\/samantharadionline.com\/index.php\/wp-json\/wp\/v2\/posts"}],"about":[{"href":"https:\/\/samantharadionline.com\/index.php\/wp-json\/wp\/v2\/types\/post"}],"author":[{"embeddable":true,"href":"https:\/\/samantharadionline.com\/index.php\/wp-json\/wp\/v2\/users\/1"}],"replies":[{"embeddable":true,"href":"https:\/\/samantharadionline.com\/index.php\/wp-json\/wp\/v2\/comments?post=17675"}],"version-history":[{"count":1,"href":"https:\/\/samantharadionline.com\/index.php\/wp-json\/wp\/v2\/posts\/17675\/revisions"}],"predecessor-version":[{"id":17677,"href":"https:\/\/samantharadionline.com\/index.php\/wp-json\/wp\/v2\/posts\/17675\/revisions\/17677"}],"wp:featuredmedia":[{"embeddable":true,"href":"https:\/\/samantharadionline.com\/index.php\/wp-json\/wp\/v2\/media\/17676"}],"wp:attachment":[{"href":"https:\/\/samantharadionline.com\/index.php\/wp-json\/wp\/v2\/media?parent=17675"}],"wp:term":[{"taxonomy":"category","embeddable":true,"href":"https:\/\/samantharadionline.com\/index.php\/wp-json\/wp\/v2\/categories?post=17675"},{"taxonomy":"post_tag","embeddable":true,"href":"https:\/\/samantharadionline.com\/index.php\/wp-json\/wp\/v2\/tags?post=17675"}],"curies":[{"name":"wp","href":"https:\/\/api.w.org\/{rel}","templated":true}]}}